{"id":1206,"date":"2014-05-31T02:10:46","date_gmt":"2014-05-31T00:10:46","guid":{"rendered":"http:\/\/konyvhetszeged2014.sk-szeged.hu\/?p=1206"},"modified":"2014-06-14T22:25:53","modified_gmt":"2014-06-14T20:25:53","slug":"gyukics-gabor-dedikal","status":"publish","type":"post","link":"http:\/\/konyvhetszeged2014.sk-szeged.hu\/?p=1206","title":{"rendered":"Gyukics G\u00e1bor dedik\u00e1l"},"content":{"rendered":"<p><a href=\"http:\/\/konyvhetszeged2014.sk-szeged.hu\/wp-content\/uploads\/2014\/06\/gyukics_gabor.jpg\"><img loading=\"lazy\" decoding=\"async\" class=\"alignleft size-medium wp-image-1335\" src=\"http:\/\/konyvhetszeged2014.sk-szeged.hu\/wp-content\/uploads\/2014\/06\/gyukics_gabor-183x300.jpg\" alt=\"gyukics_gabor\" width=\"183\" height=\"300\" srcset=\"http:\/\/konyvhetszeged2014.sk-szeged.hu\/wp-content\/uploads\/2014\/06\/gyukics_gabor-183x300.jpg 183w, http:\/\/konyvhetszeged2014.sk-szeged.hu\/wp-content\/uploads\/2014\/06\/gyukics_gabor.jpg 300w\" sizes=\"auto, (max-width: 183px) 100vw, 183px\" \/><\/a><\/p>\n<ul>\n<li>2014. j\u00fanius 14. (szombat) 16.00<\/li>\n<li>Dugonics t\u00e9r<\/li>\n<\/ul>\n<p>A L\u2019Harmattan Kiad\u00f3 s\u00e1tr\u00e1n\u00e1l\u00a0Gyukics G\u00e1bor dedik\u00e1l.<\/p>\n<blockquote><p>A jazz, a szesz, a \u201emagyar k\u00e1b\u00edt\u00f3szerek\u201d \u00e9s a szabad szerelem jegy\u00e9ben elt\u00f6lt\u00f6tt hetvenes \u00e9vek. Az orsz\u00e1got kereszt\u00fcl-kasul bej\u00e1r\u00f3 bar\u00e1ti t\u00e1rsas\u00e1g, melynek tagjai h\u00e9tk\u00f6znapjaikat az Erzs\u00e9bet-h\u00edd pesti h\u00eddf\u0151j\u00e9nek l\u00e1b\u00e1n\u00e1l \u00e1ll\u00f3 f\u00e1n\u00e1l (a Kisfa) \u00e9s a Duna l\u00e9pcs\u0151in\u00e9l (a L\u00e9parton), az est\u00e9ket a kev\u00e9s akkori jazzklubok egyik\u00e9ben, a h\u00e9tv\u00e9geket pedig kir\u00e1ndul\u00e1ssal t\u00f6lt\u00f6tt\u00e9k.<br \/>\nKik voltak \u0151k? \u201eMozgalom\u201d \u00e9s t\u00e1rsadalmi t\u00e9r n\u00e9lk\u00fcli, k\u00f6z\u00e9p-eur\u00f3pai hippik, akiknek v\u00e1laszaik (ill\u00fazi\u00f3k h\u00edj\u00e1n) nincsenek, legfeljebb k\u00e9rd\u00e9seik \u00e9s tagad\u00f3szavaik? V\u00e9gletes nyugtalans\u00e1gokkal, el\u00e9gedetlens\u00e9gekkel \u00e9s k\u00e9rd\u00e9sekkel k\u00fczd\u0151, kompromisszumokra k\u00e9ptelen fiatalok, akik nem hajland\u00f3k megfizetni a \u201enorm\u00e1lis \u00e9letvitel\u201d \u00e1r\u00e1t. A szab\u00e1lyokat nem bel\u00fclr\u0151l akart\u00e1k megv\u00e1ltoztatni, hanem eleve elutas\u00edtottak minden norm\u00e1t.<br \/>\nRend \u00e9s k\u00e1osz, b\u0171n \u00e9s b\u0171nh\u0151d\u00e9s, szerelem \u00e9s gy\u0171l\u00f6let, \u00e9let \u00e9s hal\u00e1l: e fogalmak falainak rendre \u201ebiztos\u00edt\u00f3k\u00f6t\u00e9l n\u00e9lk\u00fcl\u201d \u00fctk\u00f6ztek neki a k\u00f6nyv szerepl\u0151i, \u00e9s sokan nagy \u00e1rat fizettek \u00e9rte. (harmattan.hu)<\/p><\/blockquote>\n<p>Aj\u00e1nl\u00f3:<br \/>\n<a href=\"http:\/\/www.harmattan.hu\/\" target=\"_blank\">A L\u2019Harmattan Kiad\u00f3 honlapja<\/a><\/p>\n","protected":false},"excerpt":{"rendered":"<p>2014. j\u00fanius 14. (szombat) 16.00 Dugonics t\u00e9r A L\u2019Harmattan Kiad\u00f3 s\u00e1tr\u00e1n\u00e1l\u00a0Gyukics G\u00e1bor dedik\u00e1l. A jazz, a szesz, a \u201emagyar k\u00e1b\u00edt\u00f3szerek\u201d \u00e9s a szabad szerelem jegy\u00e9ben elt\u00f6lt\u00f6tt hetvenes \u00e9vek. Az orsz\u00e1got kereszt\u00fcl-kasul bej\u00e1r\u00f3 bar\u00e1ti t\u00e1rsas\u00e1g, melynek tagjai h\u00e9tk\u00f6znapjaikat az Erzs\u00e9bet-h\u00edd pesti &hellip; <a href=\"http:\/\/konyvhetszeged2014.sk-szeged.hu\/?p=1206\">Tov\u00e1bb <span class=\"meta-nav\">&rarr;<\/span><\/a><\/p>\n","protected":false},"author":2,"featured_media":0,"comment_status":"closed","ping_status":"open","sticky":false,"template":"","format":"standard","meta":{"footnotes":""},"categories":[321,310,538,336,446],"tags":[],"class_list":["post-1206","post","type-post","status-publish","format-standard","hentry","category-dedikalas","category-dugonics-ter","category-gyukics-gabor","category-junius-14-szombat","category-lharmattan"],"_links":{"self":[{"href":"http:\/\/konyvhetszeged2014.sk-szeged.hu\/index.php?rest_route=\/wp\/v2\/posts\/1206","targetHints":{"allow":["GET"]}}],"collection":[{"href":"http:\/\/konyvhetszeged2014.sk-szeged.hu\/index.php?rest_route=\/wp\/v2\/posts"}],"about":[{"href":"http:\/\/konyvhetszeged2014.sk-szeged.hu\/index.php?rest_route=\/wp\/v2\/types\/post"}],"author":[{"embeddable":true,"href":"http:\/\/konyvhetszeged2014.sk-szeged.hu\/index.php?rest_route=\/wp\/v2\/users\/2"}],"replies":[{"embeddable":true,"href":"http:\/\/konyvhetszeged2014.sk-szeged.hu\/index.php?rest_route=%2Fwp%2Fv2%2Fcomments&post=1206"}],"version-history":[{"count":3,"href":"http:\/\/konyvhetszeged2014.sk-szeged.hu\/index.php?rest_route=\/wp\/v2\/posts\/1206\/revisions"}],"predecessor-version":[{"id":1337,"href":"http:\/\/konyvhetszeged2014.sk-szeged.hu\/index.php?rest_route=\/wp\/v2\/posts\/1206\/revisions\/1337"}],"wp:attachment":[{"href":"http:\/\/konyvhetszeged2014.sk-szeged.hu\/index.php?rest_route=%2Fwp%2Fv2%2Fmedia&parent=1206"}],"wp:term":[{"taxonomy":"category","embeddable":true,"href":"http:\/\/konyvhetszeged2014.sk-szeged.hu\/index.php?rest_route=%2Fwp%2Fv2%2Fcategories&post=1206"},{"taxonomy":"post_tag","embeddable":true,"href":"http:\/\/konyvhetszeged2014.sk-szeged.hu\/index.php?rest_route=%2Fwp%2Fv2%2Ftags&post=1206"}],"curies":[{"name":"wp","href":"https:\/\/api.w.org\/{rel}","templated":true}]}}