{"id":124,"date":"2014-05-31T14:10:17","date_gmt":"2014-05-31T12:10:17","guid":{"rendered":"http:\/\/konyvhetszeged2014.sk-szeged.hu\/?p=124"},"modified":"2014-06-13T16:22:02","modified_gmt":"2014-06-13T14:22:02","slug":"beremenyi-geza-vadnai-bebi-2","status":"publish","type":"post","link":"http:\/\/konyvhetszeged2014.sk-szeged.hu\/?p=124","title":{"rendered":"Berem\u00e9nyi G\u00e9za: Vadnai B\u00e9bi"},"content":{"rendered":"<p><a href=\"http:\/\/konyvhetszeged2014.sk-szeged.hu\/wp-content\/uploads\/2014\/05\/vadnai_bebi.jpg\"><img loading=\"lazy\" decoding=\"async\" class=\"alignleft size-medium wp-image-111\" src=\"http:\/\/konyvhetszeged2014.sk-szeged.hu\/wp-content\/uploads\/2014\/05\/vadnai_bebi-203x300.jpg\" alt=\"vadnai_bebi\" width=\"203\" height=\"300\" srcset=\"http:\/\/konyvhetszeged2014.sk-szeged.hu\/wp-content\/uploads\/2014\/05\/vadnai_bebi-203x300.jpg 203w, http:\/\/konyvhetszeged2014.sk-szeged.hu\/wp-content\/uploads\/2014\/05\/vadnai_bebi.jpg 300w\" sizes=\"auto, (max-width: 203px) 100vw, 203px\" \/><\/a><\/p>\n<ul>\n<li>2014. j\u00fanius 12. (cs\u00fct\u00f6rt\u00f6k) 18.30<\/li>\n<li>Somogyi-k\u00f6nyvt\u00e1r (D\u00f3m t\u00e9r 1\u20134.), 1. emeleti foly\u00f3iratolvas\u00f3<\/li>\n<\/ul>\n<p>Az \u00dcnnepi K\u00f6nyvh\u00e9t d\u00edszvend\u00e9ge <strong>Berem\u00e9nyi G\u00e9za<\/strong> Kossuth- \u00e9s Bal\u00e1zs B\u00e9la-d\u00edjas \u00edr\u00f3, dalsz\u00f6veg- \u00e9s forgat\u00f3k\u00f6nyv\u00edr\u00f3, filmrendez\u0151.<\/p>\n<p>A szerz\u0151vel <strong>Vadnai B\u00e9bi<\/strong> (Magvet\u0151) c\u00edm\u0171 k\u00f6tet\u00e9r\u0151l <strong>Veszelka Attila<\/strong> \u00edr\u00f3 besz\u00e9lget.<\/p>\n<blockquote><p>A hetvenes \u00e9vek Budapestj\u00e9n, ahol egyetlen nap maga az \u00f6r\u00f6kk\u00e9val\u00f3s\u00e1g, Dobrovics, a p\u00e1lyakezd\u0151 \u00edr\u00f3, miut\u00e1n felvet\u0151dik, hogy egyik bar\u00e1tj\u00e1val tal\u00e1n testv\u00e9rek, nyomozni kezd az illet\u0151 apja ut\u00e1n. \u00dajabb \u00e9s \u00fajabb titkok der\u00fclnek ki. A negyvenes \u00e9vek Budapestj\u00e9n, ahol csak egy nap az \u00e9let, \u00e9s egyre k\u00f6zelebb van a h\u00e1bor\u00fa, az aranyifjak k\u00f6r\u00fclrajongj\u00e1k a leny\u0171g\u00f6z\u0151 sz\u00e9ps\u00e9g\u0171 Vadnai B\u00e9bit. Vajon a titkok m\u00e9ly\u00e9re tud-e pillantani Dobrovics? \u00c9s ha igen, akkor mit l\u00e1t meg ott? Szerelem \u00e9s gy\u0171l\u00f6let hogyan v\u00e1ltakozik \u00fajra meg \u00fajra?<br \/>\nA Vadnai B\u00e9bi egyszerre t\u00f6rt\u00e9nelmi reg\u00e9ny, amely \u00e9rz\u00e9kletesen id\u00e9zi fel a r\u00e9gi Budapest egykorvolt figur\u00e1it-helyeit \u00e9s kegyetlen \u00e9rdess\u00e9ggel mutatja, hogyan m\u0171k\u00f6dnek az emberek h\u00e1bor\u00faban; tov\u00e1bb\u00e1 az \u00e9rzelmek iskol\u00e1ja, amely a szerelem irracionalit\u00e1s\u00e1t, a v\u00e1gy gy\u0171l\u00f6lett\u00e9 izz\u00e1s\u00e1t, az anya- \u00e9s apakeres\u00e9s k\u00e9ts\u00e9gbeesett mozdulatait d\u00e9moni er\u0151vel teszi sz\u00f3v\u00e1. Hogyan ism\u00e9telj\u00fck vonz\u00e1sainkkal \u00e9s v\u00e1laszt\u00e1sainkkal el\u0151deink sors\u00e1t? A l\u00fcktet\u0151en izgalmas reg\u00e9ny, melynek nagyfok\u00fa a val\u00f3s\u00e1galapja, nemcsak ezekre a k\u00e9rd\u00e9sekre ad szenz\u00e1ci\u00f3san \u00e9rdekes v\u00e1laszt. (magveto.hu)<\/p><\/blockquote>\n<p>Kapcsol\u00f3d\u00f3 esem\u00e9ny:<br \/>\n<a href=\"http:\/\/konyvhetszeged2014.sk-szeged.hu\/?p=85\">Berem\u00e9nyi G\u00e9za dedik\u00e1l<\/a><br \/>\n<a href=\"http:\/\/konyvhetszeged2014.sk-szeged.hu\/?p=108\">Berem\u00e9nyi G\u00e9za: Vadnai B\u00e9bi<\/a> (Dugonics t\u00e9r)<\/p>\n<p>Aj\u00e1nl\u00f3:<br \/>\n<a href=\"http:\/\/mno.hu\/grund\/vadnai-bebi-nagy-es-magas-haborus-mese-1189006\" target=\"_blank\">Vadnai B\u00e9bi: nagy \u00e9s magas h\u00e1bor\u00fas mese<\/a> (mno.hu)<br \/>\n<a href=\"http:\/\/ekultura.hu\/olvasnivalo\/ajanlok\/cikk\/2013-10-16+09%3A00%3A00\/beremenyi-geza-vadnai-bebi\" target=\"_blank\">Berem\u00e9nyi G\u00e9za: Vadnai B\u00e9bi<\/a> (ekultura.hu)<br \/>\n<a href=\"http:\/\/www.litera.hu\/hirek\/az-eso-korvonalai\" target=\"_blank\">Vass Norbert: Az es\u0151 k\u00f6rvonalai<\/a> (litera.hu)<\/p>\n\r\n<div class=\"ngg-galleryoverview\" id=\"ngg-gallery-7-124\">\r\n\r\n\r\n\t\r\n\t<!-- Thumbnails -->\r\n\t\t\r\n\t<div id=\"ngg-image-63\" class=\"ngg-gallery-thumbnail-box\"  >\r\n\t\t<div class=\"ngg-gallery-thumbnail\" >\r\n\t\t\t<a href=\"http:\/\/konyvhetszeged2014.sk-szeged.hu\/\/wp-content\/gallery\/beremenyi_geza_0612_somogyi\/img_9838.jpg\" title=\"Berem\u00e9nyi G\u00e9za: Vadnai b\u00e9bi \" rel=\"lightbox[set_7]\" >\r\n\t\t\t\t\t\t\t\t<img loading=\"lazy\" decoding=\"async\" title=\"img_9838\" alt=\"img_9838\" src=\"http:\/\/konyvhetszeged2014.sk-szeged.hu\/\/wp-content\/gallery\/beremenyi_geza_0612_somogyi\/thumbs\/thumbs_img_9838.jpg\" width=\"100\" height=\"75\" \/>\r\n\t\t\t\t\t\t\t<\/a>\r\n\t\t<\/div>\r\n\t<\/div>\r\n\t\r\n\t\t\r\n \t\t\r\n\t<div id=\"ngg-image-64\" class=\"ngg-gallery-thumbnail-box\"  >\r\n\t\t<div class=\"ngg-gallery-thumbnail\" >\r\n\t\t\t<a href=\"http:\/\/konyvhetszeged2014.sk-szeged.hu\/\/wp-content\/gallery\/beremenyi_geza_0612_somogyi\/img_9839.jpg\" title=\"Berem\u00e9nyi G\u00e9za: Vadnai b\u00e9bi\" rel=\"lightbox[set_7]\" >\r\n\t\t\t\t\t\t\t\t<img loading=\"lazy\" decoding=\"async\" title=\"img_9839\" alt=\"img_9839\" src=\"http:\/\/konyvhetszeged2014.sk-szeged.hu\/\/wp-content\/gallery\/beremenyi_geza_0612_somogyi\/thumbs\/thumbs_img_9839.jpg\" width=\"100\" height=\"75\" \/>\r\n\t\t\t\t\t\t\t<\/a>\r\n\t\t<\/div>\r\n\t<\/div>\r\n\t\r\n\t\t\r\n \t\t\r\n\t<div id=\"ngg-image-65\" class=\"ngg-gallery-thumbnail-box\"  >\r\n\t\t<div class=\"ngg-gallery-thumbnail\" >\r\n\t\t\t<a href=\"http:\/\/konyvhetszeged2014.sk-szeged.hu\/\/wp-content\/gallery\/beremenyi_geza_0612_somogyi\/img_9842.jpg\" title=\"Berem\u00e9nyi G\u00e9za: Vadnai b\u00e9bi \" rel=\"lightbox[set_7]\" >\r\n\t\t\t\t\t\t\t\t<img loading=\"lazy\" decoding=\"async\" title=\"img_9842\" alt=\"img_9842\" src=\"http:\/\/konyvhetszeged2014.sk-szeged.hu\/\/wp-content\/gallery\/beremenyi_geza_0612_somogyi\/thumbs\/thumbs_img_9842.jpg\" width=\"100\" height=\"75\" \/>\r\n\t\t\t\t\t\t\t<\/a>\r\n\t\t<\/div>\r\n\t<\/div>\r\n\t\r\n\t\t\r\n \t\t\r\n\t<div id=\"ngg-image-66\" class=\"ngg-gallery-thumbnail-box\"  >\r\n\t\t<div class=\"ngg-gallery-thumbnail\" >\r\n\t\t\t<a href=\"http:\/\/konyvhetszeged2014.sk-szeged.hu\/\/wp-content\/gallery\/beremenyi_geza_0612_somogyi\/img_9844.jpg\" title=\"Berem\u00e9nyi G\u00e9za: Vadnai b\u00e9bi \" rel=\"lightbox[set_7]\" >\r\n\t\t\t\t\t\t\t\t<img loading=\"lazy\" decoding=\"async\" title=\"img_9844\" alt=\"img_9844\" src=\"http:\/\/konyvhetszeged2014.sk-szeged.hu\/\/wp-content\/gallery\/beremenyi_geza_0612_somogyi\/thumbs\/thumbs_img_9844.jpg\" width=\"100\" height=\"75\" \/>\r\n\t\t\t\t\t\t\t<\/a>\r\n\t\t<\/div>\r\n\t<\/div>\r\n\t\r\n\t\t\r\n \t\t\r\n\t<div id=\"ngg-image-67\" class=\"ngg-gallery-thumbnail-box\"  >\r\n\t\t<div class=\"ngg-gallery-thumbnail\" >\r\n\t\t\t<a href=\"http:\/\/konyvhetszeged2014.sk-szeged.hu\/\/wp-content\/gallery\/beremenyi_geza_0612_somogyi\/img_9847.jpg\" title=\"Berem\u00e9nyi G\u00e9za: Vadnai b\u00e9bi \" rel=\"lightbox[set_7]\" >\r\n\t\t\t\t\t\t\t\t<img loading=\"lazy\" decoding=\"async\" title=\"img_9847\" alt=\"img_9847\" src=\"http:\/\/konyvhetszeged2014.sk-szeged.hu\/\/wp-content\/gallery\/beremenyi_geza_0612_somogyi\/thumbs\/thumbs_img_9847.jpg\" width=\"100\" height=\"75\" \/>\r\n\t\t\t\t\t\t\t<\/a>\r\n\t\t<\/div>\r\n\t<\/div>\r\n\t\r\n\t\t\r\n \t\t\r\n\t<div id=\"ngg-image-68\" class=\"ngg-gallery-thumbnail-box\"  >\r\n\t\t<div class=\"ngg-gallery-thumbnail\" >\r\n\t\t\t<a href=\"http:\/\/konyvhetszeged2014.sk-szeged.hu\/\/wp-content\/gallery\/beremenyi_geza_0612_somogyi\/img_9855.jpg\" title=\"Berem\u00e9nyi G\u00e9za: Vadnai b\u00e9bi \" rel=\"lightbox[set_7]\" >\r\n\t\t\t\t\t\t\t\t<img loading=\"lazy\" decoding=\"async\" title=\"img_9855\" alt=\"img_9855\" src=\"http:\/\/konyvhetszeged2014.sk-szeged.hu\/\/wp-content\/gallery\/beremenyi_geza_0612_somogyi\/thumbs\/thumbs_img_9855.jpg\" width=\"100\" height=\"75\" \/>\r\n\t\t\t\t\t\t\t<\/a>\r\n\t\t<\/div>\r\n\t<\/div>\r\n\t\r\n\t\t\r\n \t\t\r\n\t<div id=\"ngg-image-69\" class=\"ngg-gallery-thumbnail-box\"  >\r\n\t\t<div class=\"ngg-gallery-thumbnail\" >\r\n\t\t\t<a href=\"http:\/\/konyvhetszeged2014.sk-szeged.hu\/\/wp-content\/gallery\/beremenyi_geza_0612_somogyi\/img_9859.jpg\" title=\"Berem\u00e9nyi G\u00e9za: Vadnai b\u00e9bi \" rel=\"lightbox[set_7]\" >\r\n\t\t\t\t\t\t\t\t<img loading=\"lazy\" decoding=\"async\" title=\"img_9859\" alt=\"img_9859\" src=\"http:\/\/konyvhetszeged2014.sk-szeged.hu\/\/wp-content\/gallery\/beremenyi_geza_0612_somogyi\/thumbs\/thumbs_img_9859.jpg\" width=\"100\" height=\"75\" \/>\r\n\t\t\t\t\t\t\t<\/a>\r\n\t\t<\/div>\r\n\t<\/div>\r\n\t\r\n\t\t\r\n \t\t\r\n\t<div id=\"ngg-image-70\" class=\"ngg-gallery-thumbnail-box\"  >\r\n\t\t<div class=\"ngg-gallery-thumbnail\" >\r\n\t\t\t<a href=\"http:\/\/konyvhetszeged2014.sk-szeged.hu\/\/wp-content\/gallery\/beremenyi_geza_0612_somogyi\/img_9872.jpg\" title=\"Berem\u00e9nyi G\u00e9za: Vadnai b\u00e9bi \" rel=\"lightbox[set_7]\" >\r\n\t\t\t\t\t\t\t\t<img loading=\"lazy\" decoding=\"async\" title=\"img_9872\" alt=\"img_9872\" src=\"http:\/\/konyvhetszeged2014.sk-szeged.hu\/\/wp-content\/gallery\/beremenyi_geza_0612_somogyi\/thumbs\/thumbs_img_9872.jpg\" width=\"100\" height=\"75\" \/>\r\n\t\t\t\t\t\t\t<\/a>\r\n\t\t<\/div>\r\n\t<\/div>\r\n\t\r\n\t\t\r\n \t \t\r\n\t<!-- Pagination -->\r\n \t<div class='ngg-clear'><\/div>\n \t\r\n<\/div>\r\n\r\n\n","protected":false},"excerpt":{"rendered":"<p>2014. j\u00fanius 12. (cs\u00fct\u00f6rt\u00f6k) 18.30 Somogyi-k\u00f6nyvt\u00e1r (D\u00f3m t\u00e9r 1\u20134.), 1. emeleti foly\u00f3iratolvas\u00f3 Az \u00dcnnepi K\u00f6nyvh\u00e9t d\u00edszvend\u00e9ge Berem\u00e9nyi G\u00e9za Kossuth- \u00e9s Bal\u00e1zs B\u00e9la-d\u00edjas \u00edr\u00f3, dalsz\u00f6veg- \u00e9s forgat\u00f3k\u00f6nyv\u00edr\u00f3, filmrendez\u0151. A szerz\u0151vel Vadnai B\u00e9bi (Magvet\u0151) c\u00edm\u0171 k\u00f6tet\u00e9r\u0151l Veszelka Attila \u00edr\u00f3 besz\u00e9lget. A hetvenes &hellip; <a href=\"http:\/\/konyvhetszeged2014.sk-szeged.hu\/?p=124\">Tov\u00e1bb <span class=\"meta-nav\">&rarr;<\/span><\/a><\/p>\n","protected":false},"author":2,"featured_media":0,"comment_status":"closed","ping_status":"open","sticky":false,"template":"","format":"standard","meta":{"footnotes":""},"categories":[322,306,288,303,273],"tags":[566],"class_list":["post-124","post","type-post","status-publish","format-standard","hentry","category-beremenyi-geza","category-junius-12-csutortok","category-konyvbemutato","category-magveto","category-somogyi-konyvtar","tag-veszelka-attila"],"_links":{"self":[{"href":"http:\/\/konyvhetszeged2014.sk-szeged.hu\/index.php?rest_route=\/wp\/v2\/posts\/124","targetHints":{"allow":["GET"]}}],"collection":[{"href":"http:\/\/konyvhetszeged2014.sk-szeged.hu\/index.php?rest_route=\/wp\/v2\/posts"}],"about":[{"href":"http:\/\/konyvhetszeged2014.sk-szeged.hu\/index.php?rest_route=\/wp\/v2\/types\/post"}],"author":[{"embeddable":true,"href":"http:\/\/konyvhetszeged2014.sk-szeged.hu\/index.php?rest_route=\/wp\/v2\/users\/2"}],"replies":[{"embeddable":true,"href":"http:\/\/konyvhetszeged2014.sk-szeged.hu\/index.php?rest_route=%2Fwp%2Fv2%2Fcomments&post=124"}],"version-history":[{"count":9,"href":"http:\/\/konyvhetszeged2014.sk-szeged.hu\/index.php?rest_route=\/wp\/v2\/posts\/124\/revisions"}],"predecessor-version":[{"id":1425,"href":"http:\/\/konyvhetszeged2014.sk-szeged.hu\/index.php?rest_route=\/wp\/v2\/posts\/124\/revisions\/1425"}],"wp:attachment":[{"href":"http:\/\/konyvhetszeged2014.sk-szeged.hu\/index.php?rest_route=%2Fwp%2Fv2%2Fmedia&parent=124"}],"wp:term":[{"taxonomy":"category","embeddable":true,"href":"http:\/\/konyvhetszeged2014.sk-szeged.hu\/index.php?rest_route=%2Fwp%2Fv2%2Fcategories&post=124"},{"taxonomy":"post_tag","embeddable":true,"href":"http:\/\/konyvhetszeged2014.sk-szeged.hu\/index.php?rest_route=%2Fwp%2Fv2%2Ftags&post=124"}],"curies":[{"name":"wp","href":"https:\/\/api.w.org\/{rel}","templated":true}]}}