{"id":18,"date":"2014-05-31T19:20:32","date_gmt":"2014-05-31T17:20:32","guid":{"rendered":"http:\/\/konyvhetszeged2014.sk-szeged.hu\/?p=18"},"modified":"2014-06-13T16:17:12","modified_gmt":"2014-06-13T14:17:12","slug":"arpas-karoly-zegzugos-egy-osveny","status":"publish","type":"post","link":"http:\/\/konyvhetszeged2014.sk-szeged.hu\/?p=18","title":{"rendered":"\u00c1rp\u00e1s K\u00e1roly: Zegzugos egy-\u00f6sv\u00e9ny"},"content":{"rendered":"<p><a href=\"http:\/\/konyvhetszeged2014.sk-szeged.hu\/wp-content\/uploads\/2014\/05\/arpas_karoly_zegzugos.jpg\"><img loading=\"lazy\" decoding=\"async\" class=\"alignleft size-full wp-image-20\" src=\"http:\/\/konyvhetszeged2014.sk-szeged.hu\/wp-content\/uploads\/2014\/05\/arpas_karoly_zegzugos.jpg\" alt=\"arpas_karoly_zegzugos\" width=\"197\" height=\"279\" \/><\/a><\/p>\n<ul>\n<li>2014. j\u00fanius 10. (kedd) 16.30<\/li>\n<li>Somogyi-k\u00f6nyvt\u00e1r (<span id=\"aui_3_2_0_1833\" class=\"value\">D\u00f3m t\u00e9r 1\u20134.<\/span>), 1. emeleti zeneszoba<\/li>\n<\/ul>\n<p>A Hungarovox Kiad\u00f3n\u00e1l megjelent pr\u00f3zak\u00f6tetr\u0151l <strong>Bene Zolt\u00e1n<\/strong> \u00edr\u00f3 besz\u00e9lget a szerz\u0151vel.<\/p>\n<p>A Magyar \u00cdr\u00f3sz\u00f6vets\u00e9g Csongr\u00e1d megyei \u00cdr\u00f3csoportj\u00e1nak programja<\/p>\n<blockquote><p>\u00c1rp\u00e1s K\u00e1roly J\u00e1noshalm\u00e1n sz\u00fcletett, 1955. j\u00fanius 21-\u00e9n. \u00cdr\u00f3, k\u00f6lt\u0151, m\u0171ford\u00edt\u00f3; irodalomt\u00f6rt\u00e9n\u00e9sz, t\u00f6rt\u00e9n\u00e9sz, k\u00f6z\u00e9piskolai tan\u00e1r; k\u00f6zoktat\u00e1si szak\u00e9rt\u0151. 1980-ben v\u00e9gzett a szegedi JATE magyar-t\u00f6rt\u00e9nelem-finnugor szak\u00e1n. \u00c1ltal\u00e1nos \u00e9s szakk\u00f6z\u00e9piskolai \u00e9vek ut\u00e1n 1988-t\u00f3l alap\u00edt\u00f3k\u00e9nt a szegedi De\u00e1k Ferenc Gimn\u00e1ziumban tan\u00edt. Els\u0151 m\u0171vei 1970-ben jelentek meg. 1983-bansumma cum laude doktor\u00e1lt \u00e9szt kult\u00fart\u00f6rt\u00e9netb\u0151l. Sz\u00e9p\u00edr\u00f3i \u00e9s oktat\u00f3i munk\u00e1ja mellett a 19. sz\u00e1zad irodalm\u00e1val, m\u00e1sok k\u00f6zt J\u00f3kai M\u00f3rral \u00e9s Mad\u00e1ch Imr\u00e9vel foglalkozik, s bekapcsol\u00f3dott e klasszikusok sz\u00f6vegkiad\u00e1s\u00e1ba is. A jelenkori alkot\u00f3k k\u00f6z\u00fcl Baka Istv\u00e1n \u00e9s Gion N\u00e1ndor \u00e9letm\u0171ve \u00e9rdekli \u2013 monogr\u00e1fiaszer\u0171 k\u00f6teteket jelentetett meg r\u00f3luk. 2007 j\u00faliusa \u00f3ta a SZEGED foly\u00f3irat szerkeszt\u0151bizotts\u00e1g\u00e1nak a tagja. Munk\u00e1ja elismer\u00e9sek\u00e9nt 2001-ben \u00e9s 2008-ban a MTA Kutat\u00f3 Pedag\u00f3gus D\u00edj\u00e1t kapta, 2004-ben Szeged v\u00e1ros K\u00f6lcsey-\u00e9rm\u00e9t \u00e9s a Szegedi Akad\u00e9miai Bizotts\u00e1g ez\u00fcst\u00e9rm\u00e9t. 2011-ben megkapta a Magyar Irodalomt\u00f6rt\u00e9neti T\u00e1rsas\u00e1g tan\u00e1ri Toldy-d\u00edj\u00e1t. (SzegediLap)<\/p><\/blockquote>\n<p>Aj\u00e1nl\u00f3:<br \/>\n<a href=\"http:\/\/www.szegedilap.hu\/cikkek\/proza\/konyvajanlo--arpas-karoly-uj-kotete.html\" target=\"_blank\">\u00c1rp\u00e1s K\u00e1roly \u00faj k\u00f6tete<\/a><\/p>\n\r\n<div class=\"ngg-galleryoverview\" id=\"ngg-gallery-2-18\">\r\n\r\n\r\n\t\r\n\t<!-- Thumbnails -->\r\n\t\t\r\n\t<div id=\"ngg-image-33\" class=\"ngg-gallery-thumbnail-box\"  >\r\n\t\t<div class=\"ngg-gallery-thumbnail\" >\r\n\t\t\t<a href=\"http:\/\/konyvhetszeged2014.sk-szeged.hu\/\/wp-content\/gallery\/arpas_karoly_0610_somogyi\/arpas1.jpg\" title=\"\u00c1rp\u00e1s K\u00e1roly: Zegzugos egy-\u00f6sv\u00e9ny \u2013 Somogyi-k\u00f6nyvt\u00e1r, 2014. j\u00fanius 10.\" rel=\"lightbox[set_2]\" >\r\n\t\t\t\t\t\t\t\t<img loading=\"lazy\" decoding=\"async\" title=\"arpas1\" alt=\"arpas1\" src=\"http:\/\/konyvhetszeged2014.sk-szeged.hu\/\/wp-content\/gallery\/arpas_karoly_0610_somogyi\/thumbs\/thumbs_arpas1.jpg\" width=\"100\" height=\"75\" \/>\r\n\t\t\t\t\t\t\t<\/a>\r\n\t\t<\/div>\r\n\t<\/div>\r\n\t\r\n\t\t\r\n \t\t\r\n\t<div id=\"ngg-image-34\" class=\"ngg-gallery-thumbnail-box\"  >\r\n\t\t<div class=\"ngg-gallery-thumbnail\" >\r\n\t\t\t<a href=\"http:\/\/konyvhetszeged2014.sk-szeged.hu\/\/wp-content\/gallery\/arpas_karoly_0610_somogyi\/arpas2.jpg\" title=\"\u00c1rp\u00e1s K\u00e1roly: Zegzugos egy-\u00f6sv\u00e9ny \u2013 Somogyi-k\u00f6nyvt\u00e1r, 2014. j\u00fanius 10.\" rel=\"lightbox[set_2]\" >\r\n\t\t\t\t\t\t\t\t<img loading=\"lazy\" decoding=\"async\" title=\"arpas2\" alt=\"arpas2\" src=\"http:\/\/konyvhetszeged2014.sk-szeged.hu\/\/wp-content\/gallery\/arpas_karoly_0610_somogyi\/thumbs\/thumbs_arpas2.jpg\" width=\"100\" height=\"75\" \/>\r\n\t\t\t\t\t\t\t<\/a>\r\n\t\t<\/div>\r\n\t<\/div>\r\n\t\r\n\t\t\r\n \t\t\r\n\t<div id=\"ngg-image-35\" class=\"ngg-gallery-thumbnail-box\"  >\r\n\t\t<div class=\"ngg-gallery-thumbnail\" >\r\n\t\t\t<a href=\"http:\/\/konyvhetszeged2014.sk-szeged.hu\/\/wp-content\/gallery\/arpas_karoly_0610_somogyi\/arpas3.jpg\" title=\"\u00c1rp\u00e1s K\u00e1roly: Zegzugos egy-\u00f6sv\u00e9ny \u2013 Somogyi-k\u00f6nyvt\u00e1r, 2014. j\u00fanius 10.\" rel=\"lightbox[set_2]\" >\r\n\t\t\t\t\t\t\t\t<img loading=\"lazy\" decoding=\"async\" title=\"arpas3\" alt=\"arpas3\" src=\"http:\/\/konyvhetszeged2014.sk-szeged.hu\/\/wp-content\/gallery\/arpas_karoly_0610_somogyi\/thumbs\/thumbs_arpas3.jpg\" width=\"100\" height=\"75\" \/>\r\n\t\t\t\t\t\t\t<\/a>\r\n\t\t<\/div>\r\n\t<\/div>\r\n\t\r\n\t\t\r\n \t\t\r\n\t<div id=\"ngg-image-36\" class=\"ngg-gallery-thumbnail-box\"  >\r\n\t\t<div class=\"ngg-gallery-thumbnail\" >\r\n\t\t\t<a href=\"http:\/\/konyvhetszeged2014.sk-szeged.hu\/\/wp-content\/gallery\/arpas_karoly_0610_somogyi\/arpas4.jpg\" title=\"\u00c1rp\u00e1s K\u00e1roly: Zegzugos egy-\u00f6sv\u00e9ny \u2013 Somogyi-k\u00f6nyvt\u00e1r, 2014. j\u00fanius 10.\" rel=\"lightbox[set_2]\" >\r\n\t\t\t\t\t\t\t\t<img loading=\"lazy\" decoding=\"async\" title=\"arpas4\" alt=\"arpas4\" src=\"http:\/\/konyvhetszeged2014.sk-szeged.hu\/\/wp-content\/gallery\/arpas_karoly_0610_somogyi\/thumbs\/thumbs_arpas4.jpg\" width=\"100\" height=\"75\" \/>\r\n\t\t\t\t\t\t\t<\/a>\r\n\t\t<\/div>\r\n\t<\/div>\r\n\t\r\n\t\t\r\n \t \t\r\n\t<!-- Pagination -->\r\n \t<div class='ngg-clear'><\/div>\n \t\r\n<\/div>\r\n\r\n\n","protected":false},"excerpt":{"rendered":"<p>2014. j\u00fanius 10. (kedd) 16.30 Somogyi-k\u00f6nyvt\u00e1r (D\u00f3m t\u00e9r 1\u20134.), 1. emeleti zeneszoba A Hungarovox Kiad\u00f3n\u00e1l megjelent pr\u00f3zak\u00f6tetr\u0151l Bene Zolt\u00e1n \u00edr\u00f3 besz\u00e9lget a szerz\u0151vel. A Magyar \u00cdr\u00f3sz\u00f6vets\u00e9g Csongr\u00e1d megyei \u00cdr\u00f3csoportj\u00e1nak programja \u00c1rp\u00e1s K\u00e1roly J\u00e1noshalm\u00e1n sz\u00fcletett, 1955. j\u00fanius 21-\u00e9n. \u00cdr\u00f3, k\u00f6lt\u0151, m\u0171ford\u00edt\u00f3; &hellip; <a href=\"http:\/\/konyvhetszeged2014.sk-szeged.hu\/?p=18\">Tov\u00e1bb <span class=\"meta-nav\">&rarr;<\/span><\/a><\/p>\n","protected":false},"author":2,"featured_media":0,"comment_status":"closed","ping_status":"open","sticky":false,"template":"","format":"standard","meta":{"footnotes":""},"categories":[287,290,278,288,273],"tags":[558],"class_list":["post-18","post","type-post","status-publish","format-standard","hentry","category-arpas-karoly","category-hungarovox","category-junius-10-kedd","category-konyvbemutato","category-somogyi-konyvtar","tag-bene-zoltan"],"_links":{"self":[{"href":"http:\/\/konyvhetszeged2014.sk-szeged.hu\/index.php?rest_route=\/wp\/v2\/posts\/18","targetHints":{"allow":["GET"]}}],"collection":[{"href":"http:\/\/konyvhetszeged2014.sk-szeged.hu\/index.php?rest_route=\/wp\/v2\/posts"}],"about":[{"href":"http:\/\/konyvhetszeged2014.sk-szeged.hu\/index.php?rest_route=\/wp\/v2\/types\/post"}],"author":[{"embeddable":true,"href":"http:\/\/konyvhetszeged2014.sk-szeged.hu\/index.php?rest_route=\/wp\/v2\/users\/2"}],"replies":[{"embeddable":true,"href":"http:\/\/konyvhetszeged2014.sk-szeged.hu\/index.php?rest_route=%2Fwp%2Fv2%2Fcomments&post=18"}],"version-history":[{"count":6,"href":"http:\/\/konyvhetszeged2014.sk-szeged.hu\/index.php?rest_route=\/wp\/v2\/posts\/18\/revisions"}],"predecessor-version":[{"id":1420,"href":"http:\/\/konyvhetszeged2014.sk-szeged.hu\/index.php?rest_route=\/wp\/v2\/posts\/18\/revisions\/1420"}],"wp:attachment":[{"href":"http:\/\/konyvhetszeged2014.sk-szeged.hu\/index.php?rest_route=%2Fwp%2Fv2%2Fmedia&parent=18"}],"wp:term":[{"taxonomy":"category","embeddable":true,"href":"http:\/\/konyvhetszeged2014.sk-szeged.hu\/index.php?rest_route=%2Fwp%2Fv2%2Fcategories&post=18"},{"taxonomy":"post_tag","embeddable":true,"href":"http:\/\/konyvhetszeged2014.sk-szeged.hu\/index.php?rest_route=%2Fwp%2Fv2%2Ftags&post=18"}],"curies":[{"name":"wp","href":"https:\/\/api.w.org\/{rel}","templated":true}]}}