{"id":301,"date":"2014-05-31T10:40:27","date_gmt":"2014-05-31T08:40:27","guid":{"rendered":"http:\/\/konyvhetszeged2014.sk-szeged.hu\/?p=301"},"modified":"2014-06-13T21:45:17","modified_gmt":"2014-06-13T19:45:17","slug":"tudomanytorteneti-seta-szent-gyorgyi-albert-nyomaban","status":"publish","type":"post","link":"http:\/\/konyvhetszeged2014.sk-szeged.hu\/?p=301","title":{"rendered":"Tudom\u00e1nyt\u00f6rt\u00e9neti s\u00e9ta Szent-Gy\u00f6rgyi Albert nyom\u00e1ban"},"content":{"rendered":"<p><a href=\"http:\/\/konyvhetszeged2014.sk-szeged.hu\/wp-content\/uploads\/2014\/06\/szegedi_tudomanyegyetem.jpg\"><img loading=\"lazy\" decoding=\"async\" class=\"alignleft size-medium wp-image-269\" src=\"http:\/\/konyvhetszeged2014.sk-szeged.hu\/wp-content\/uploads\/2014\/06\/szegedi_tudomanyegyetem-300x300.jpg\" alt=\"szegedi_tudomanyegyetem\" width=\"150\" height=\"150\" srcset=\"http:\/\/konyvhetszeged2014.sk-szeged.hu\/wp-content\/uploads\/2014\/06\/szegedi_tudomanyegyetem-300x300.jpg 300w, http:\/\/konyvhetszeged2014.sk-szeged.hu\/wp-content\/uploads\/2014\/06\/szegedi_tudomanyegyetem-150x150.jpg 150w, http:\/\/konyvhetszeged2014.sk-szeged.hu\/wp-content\/uploads\/2014\/06\/szegedi_tudomanyegyetem.jpg 400w\" sizes=\"auto, (max-width: 150px) 100vw, 150px\" \/><\/a><\/p>\n<ul>\n<li>2014. j\u00fanius 13. (p\u00e9ntek) 16.00<\/li>\n<li>Dugonics t\u00e9r (Szent-Gy\u00f6rgyi Albert szobra)<\/li>\n<\/ul>\n<p>A\u00a0<strong>Hannus Istv\u00e1n<\/strong> vegy\u00e9szprofesszor \u00e1ltal vezetett t\u00fara <strong>Szent-Gy\u00f6rgyi Albert<\/strong> szobr\u00e1t\u00f3l indul \u00e9s a tud\u00f3s egykori k\u00f6nyvt\u00e1rszob\u00e1j\u00e1ban z\u00e1rul. A r\u00e9sztvev\u0151k megtudhatj\u00e1k, hogyan f\u00fcgg \u00f6ssze a Nobel-d\u00edj \u00e9s az irodalom? A Szegedi Egyetemi Kiad\u00f3 k\u00e9sz\u00fcl\u0151 <strong>Tud\u00e1st\u00e1r<\/strong> k\u00f6tet\u00e9b\u0151l <strong>P\u00e1l J\u00f3zsef<\/strong> irodalomt\u00f6rt\u00e9n\u00e9sz professzor ad \u00edzel\u00edt\u0151t.<\/p>\n<p>Kapcsol\u00f3d\u00f3 esem\u00e9ny:<br \/>\n<a href=\"http:\/\/konyvhetszeged2014.sk-szeged.hu\/?p=75\">Helyt\u00f6rt\u00e9neti s\u00e9ta a Szegedi Egyetemi Kiad\u00f3val<\/a><br \/>\nEgyetemi kiad\u00f3i m\u0171helyek \u00e9s k\u00f6nyvt\u00e1r:<br \/>\n<a href=\"http:\/\/konyvhetszeged2014.sk-szeged.hu\/?p=103\">j\u00fanius 12. (cs\u00fct\u00f6rt\u00f6k)<\/a>, <a href=\"http:\/\/konyvhetszeged2014.sk-szeged.hu\/?p=293\">j\u00fanius 13. (p\u00e9ntek)<\/a>, <a href=\"http:\/\/konyvhetszeged2014.sk-szeged.hu\/?p=278\">j\u00fanius 14. (szombat)<\/a>, <a href=\"http:\/\/konyvhetszeged2014.sk-szeged.hu\/?p=284\">j\u00fanius 15. (vas\u00e1rnap)<\/a>, <a href=\"http:\/\/konyvhetszeged2014.sk-szeged.hu\/?p=337\">j\u00fanius 16. (h\u00e9tf\u0151)<\/a><br \/>\n<a href=\"http:\/\/konyvhetszeged2014.sk-szeged.hu\/?p=264\">Tud\u00e1st\u00e1r<\/a><br \/>\n<a href=\"http:\/\/konyvhetszeged2014.sk-szeged.hu\/?p=309\">\u00c9rdekess\u00e9gek, k\u00fcl\u00f6nlegess\u00e9gek a Klebelsberg K\u00f6nyvt\u00e1rban<\/a><\/p>\n","protected":false},"excerpt":{"rendered":"<p>2014. j\u00fanius 13. (p\u00e9ntek) 16.00 Dugonics t\u00e9r (Szent-Gy\u00f6rgyi Albert szobra) A\u00a0Hannus Istv\u00e1n vegy\u00e9szprofesszor \u00e1ltal vezetett t\u00fara Szent-Gy\u00f6rgyi Albert szobr\u00e1t\u00f3l indul \u00e9s a tud\u00f3s egykori k\u00f6nyvt\u00e1rszob\u00e1j\u00e1ban z\u00e1rul. A r\u00e9sztvev\u0151k megtudhatj\u00e1k, hogyan f\u00fcgg \u00f6ssze a Nobel-d\u00edj \u00e9s az irodalom? A Szegedi Egyetemi &hellip; <a href=\"http:\/\/konyvhetszeged2014.sk-szeged.hu\/?p=301\">Tov\u00e1bb <span class=\"meta-nav\">&rarr;<\/span><\/a><\/p>\n","protected":false},"author":2,"featured_media":0,"comment_status":"closed","ping_status":"open","sticky":false,"template":"","format":"standard","meta":{"footnotes":""},"categories":[310,316,335,315,347],"tags":[317,330,348],"class_list":["post-301","post","type-post","status-publish","format-standard","hentry","category-dugonics-ter","category-helytorteneti-seta","category-junius-13-pentek","category-szegedi-egyetemi-kiado","category-szte-klebelsberg-konyvtar","tag-hannus-istvan","tag-pal-jozsef","tag-szent-gyorgyi-albert"],"_links":{"self":[{"href":"http:\/\/konyvhetszeged2014.sk-szeged.hu\/index.php?rest_route=\/wp\/v2\/posts\/301","targetHints":{"allow":["GET"]}}],"collection":[{"href":"http:\/\/konyvhetszeged2014.sk-szeged.hu\/index.php?rest_route=\/wp\/v2\/posts"}],"about":[{"href":"http:\/\/konyvhetszeged2014.sk-szeged.hu\/index.php?rest_route=\/wp\/v2\/types\/post"}],"author":[{"embeddable":true,"href":"http:\/\/konyvhetszeged2014.sk-szeged.hu\/index.php?rest_route=\/wp\/v2\/users\/2"}],"replies":[{"embeddable":true,"href":"http:\/\/konyvhetszeged2014.sk-szeged.hu\/index.php?rest_route=%2Fwp%2Fv2%2Fcomments&post=301"}],"version-history":[{"count":7,"href":"http:\/\/konyvhetszeged2014.sk-szeged.hu\/index.php?rest_route=\/wp\/v2\/posts\/301\/revisions"}],"predecessor-version":[{"id":1085,"href":"http:\/\/konyvhetszeged2014.sk-szeged.hu\/index.php?rest_route=\/wp\/v2\/posts\/301\/revisions\/1085"}],"wp:attachment":[{"href":"http:\/\/konyvhetszeged2014.sk-szeged.hu\/index.php?rest_route=%2Fwp%2Fv2%2Fmedia&parent=301"}],"wp:term":[{"taxonomy":"category","embeddable":true,"href":"http:\/\/konyvhetszeged2014.sk-szeged.hu\/index.php?rest_route=%2Fwp%2Fv2%2Fcategories&post=301"},{"taxonomy":"post_tag","embeddable":true,"href":"http:\/\/konyvhetszeged2014.sk-szeged.hu\/index.php?rest_route=%2Fwp%2Fv2%2Ftags&post=301"}],"curies":[{"name":"wp","href":"https:\/\/api.w.org\/{rel}","templated":true}]}}