{"id":347,"date":"2014-05-31T13:40:58","date_gmt":"2014-05-31T11:40:58","guid":{"rendered":"http:\/\/konyvhetszeged2014.sk-szeged.hu\/?p=347"},"modified":"2014-06-12T22:00:29","modified_gmt":"2014-06-12T20:00:29","slug":"vegel-laszlo-neoplanta-avagy-az-igeret-foldje","status":"publish","type":"post","link":"http:\/\/konyvhetszeged2014.sk-szeged.hu\/?p=347","title":{"rendered":"V\u00e9gel L\u00e1szl\u00f3: Neoplanta avagy az \u00cdg\u00e9ret F\u00f6ldje"},"content":{"rendered":"<p><a href=\"http:\/\/konyvhetszeged2014.sk-szeged.hu\/wp-content\/uploads\/2014\/05\/neoplanta.jpg\"><img loading=\"lazy\" decoding=\"async\" class=\"alignleft size-medium wp-image-348\" src=\"http:\/\/konyvhetszeged2014.sk-szeged.hu\/wp-content\/uploads\/2014\/05\/neoplanta-193x300.jpg\" alt=\"neoplanta\" width=\"193\" height=\"300\" srcset=\"http:\/\/konyvhetszeged2014.sk-szeged.hu\/wp-content\/uploads\/2014\/05\/neoplanta-193x300.jpg 193w, http:\/\/konyvhetszeged2014.sk-szeged.hu\/wp-content\/uploads\/2014\/05\/neoplanta.jpg 300w\" sizes=\"auto, (max-width: 193px) 100vw, 193px\" \/><\/a><\/p>\n<ul>\n<li>2014. j\u00fanius 12. (cs\u00fct\u00f6rt\u00f6k) 19.00<\/li>\n<li>Grand Caf\u00e9 (De\u00e1k Ferenc u. 18.)<\/li>\n<\/ul>\n<p>A Noran Libro kiad\u00f3n\u00e1l megjelent reg\u00e9nyr\u0151l <strong>Orcsik Roland<\/strong> k\u00f6lt\u0151, irodalomt\u00f6rt\u00e9n\u00e9sz besz\u00e9lget a szerz\u0151vel.<\/p>\n<p><strong>V\u00e9gel L\u00e1szl\u00f3<\/strong>, Kossuth-d\u00edjas reg\u00e9ny-, dr\u00e1ma- \u00e9s essz\u00e9\u00edr\u00f3, a vajdas\u00e1gi magyar irodalom \u00e9s k\u00f6zgondolkod\u00e1s meghat\u00e1roz\u00f3 alakja. \u00dajvid\u00e9ken \u00e9l.<\/p>\n<blockquote><p><span class=\"tartalomAlap\"><span class=\"tartalomAlap\">1748-ban \u00f6sszefogtak a n\u00e9metek, a szerbek, a magyarok, a zsid\u00f3k, az \u00f6rm\u00e9nyek, meg a t\u00f6bbi itt \u00e9l\u0151 nemzets\u00e9g, \u00f6sszekapart\u00e1k megsp\u00f3rolt p\u00e9nz\u00fcket, bankk\u00f6lcs\u00f6nt vettek fel \u00e9s a t\u00f6m\u00e9rdek bank\u00f3val B\u00e9csbe utaztak, hogy M\u00e1ria Ter\u00e9zia cs\u00e1sz\u00e1rn\u0151t\u0151l megv\u00e1s\u00e1rolj\u00e1k a szabad kir\u00e1lyi v\u00e1ros c\u00edmet. A cs\u00e1sz\u00e1rn\u0151 megk\u00e9rdezte mi a neve a v\u00e1rosuknak, mire az alap\u00edt\u00f3 aty\u00e1k t\u00f6redelmesen bevallott\u00e1k, hogy nincs neve. Felk\u00e9rt\u00e9k \u0151fels\u00e9g\u00e9t, legyen v\u00e1rosuk keresztanyja. A cs\u00e1sz\u00e1rn\u0151 el\u0151vette arany penn\u00e1j\u00e1t \u00e9s gy\u00f6ngybet\u0171kkel \u00edrta a latin nyelv\u0171 alap\u00edt\u00f3 okiratra: legyen a neve Neoplanta, \u00e9s minden n\u00e9p nevezze saj\u00e1t nyelv\u00e9n. \u00c9ljenek b\u00e9k\u00e9ben, szeress\u00e9k egym\u00e1st, ez a sok nemzetis\u00e9g\u0171 v\u00e1ros legyen p\u00e9ld\u00e1ja a k\u00fcl\u00f6nb\u00f6z\u0151 n\u00e1ci\u00f3k b\u00e9k\u00e9s egym\u00e1smellet \u00e9l\u00e9s\u00e9nek. Eltelt t\u00f6bb mint 250 \u00e9v, Neoplanta &#8211; azaz \u00dajvid\u00e9k &#8211; n\u00e9pei az\u00f3ta folyamatosan gyilkolj\u00e1k egym\u00e1st. A magyar \u00edr\u00f3nak mindezekr\u0151l Lazo Pavleti\u0107, szerb fi\u00e1keres mes\u00e9l.<\/span>\u00a0(libri.hu)<\/span><\/p><\/blockquote>\n<p>Kapcsol\u00f3d\u00f3 esem\u00e9ny:<br \/>\n<a href=\"http:\/\/konyvhetszeged2014.sk-szeged.hu\/?p=60\">A 85. \u00dcnnepi K\u00f6nyvh\u00e9t \u00e9s 13. Gyermekk\u00f6nyvnapok megnyit\u00f3ja<\/a><br \/>\n<a href=\"http:\/\/konyvhetszeged2014.sk-szeged.hu\/?p=1035\">V\u00e9gel L\u00e1szl\u00f3 dedik\u00e1l<\/a><\/p>\n<p>Aj\u00e1nl\u00f3:<br \/>\n<a href=\"http:\/\/www.vmmi.org\/index.php?ShowObject=konyv&amp;id=542\" target=\"_blank\">Neoplanta, avagy az \u00cdg\u00e9ret F\u00f6ldje<\/a> (vmmi.org)<br \/>\n<a href=\"http:\/\/naplo.org\/index.php?p=hir&amp;modul=irodalminaplo&amp;hir=3067\" target=\"_blank\">R\u00e9szletek a k\u00f6nyvb\u0151l<\/a> (naplo.org)<br \/>\n<a href=\"http:\/\/epa.oszk.hu\/01300\/01326\/00152\/pdf\/EPA01326_mozgo_vilag_2013_08_6552.pdf\" target=\"_blank\">Tak\u00e1cs Ferenc: Egy ill\u00fazi\u00f3 m\u00faltja<\/a> (Mozg\u00f3 Vil\u00e1g, 2013\/8)<\/p>\n","protected":false},"excerpt":{"rendered":"<p>2014. j\u00fanius 12. (cs\u00fct\u00f6rt\u00f6k) 19.00 Grand Caf\u00e9 (De\u00e1k Ferenc u. 18.) A Noran Libro kiad\u00f3n\u00e1l megjelent reg\u00e9nyr\u0151l Orcsik Roland k\u00f6lt\u0151, irodalomt\u00f6rt\u00e9n\u00e9sz besz\u00e9lget a szerz\u0151vel. V\u00e9gel L\u00e1szl\u00f3, Kossuth-d\u00edjas reg\u00e9ny-, dr\u00e1ma- \u00e9s essz\u00e9\u00edr\u00f3, a vajdas\u00e1gi magyar irodalom \u00e9s k\u00f6zgondolkod\u00e1s meghat\u00e1roz\u00f3 alakja. \u00dajvid\u00e9ken &hellip; <a href=\"http:\/\/konyvhetszeged2014.sk-szeged.hu\/?p=347\">Tov\u00e1bb <span class=\"meta-nav\">&rarr;<\/span><\/a><\/p>\n","protected":false},"author":2,"featured_media":0,"comment_status":"closed","ping_status":"open","sticky":false,"template":"","format":"standard","meta":{"footnotes":""},"categories":[301,306,288,349,311],"tags":[],"class_list":["post-347","post","type-post","status-publish","format-standard","hentry","category-grand-cafe","category-junius-12-csutortok","category-konyvbemutato","category-noran-libro","category-vegel-laszlo"],"_links":{"self":[{"href":"http:\/\/konyvhetszeged2014.sk-szeged.hu\/index.php?rest_route=\/wp\/v2\/posts\/347","targetHints":{"allow":["GET"]}}],"collection":[{"href":"http:\/\/konyvhetszeged2014.sk-szeged.hu\/index.php?rest_route=\/wp\/v2\/posts"}],"about":[{"href":"http:\/\/konyvhetszeged2014.sk-szeged.hu\/index.php?rest_route=\/wp\/v2\/types\/post"}],"author":[{"embeddable":true,"href":"http:\/\/konyvhetszeged2014.sk-szeged.hu\/index.php?rest_route=\/wp\/v2\/users\/2"}],"replies":[{"embeddable":true,"href":"http:\/\/konyvhetszeged2014.sk-szeged.hu\/index.php?rest_route=%2Fwp%2Fv2%2Fcomments&post=347"}],"version-history":[{"count":5,"href":"http:\/\/konyvhetszeged2014.sk-szeged.hu\/index.php?rest_route=\/wp\/v2\/posts\/347\/revisions"}],"predecessor-version":[{"id":1253,"href":"http:\/\/konyvhetszeged2014.sk-szeged.hu\/index.php?rest_route=\/wp\/v2\/posts\/347\/revisions\/1253"}],"wp:attachment":[{"href":"http:\/\/konyvhetszeged2014.sk-szeged.hu\/index.php?rest_route=%2Fwp%2Fv2%2Fmedia&parent=347"}],"wp:term":[{"taxonomy":"category","embeddable":true,"href":"http:\/\/konyvhetszeged2014.sk-szeged.hu\/index.php?rest_route=%2Fwp%2Fv2%2Fcategories&post=347"},{"taxonomy":"post_tag","embeddable":true,"href":"http:\/\/konyvhetszeged2014.sk-szeged.hu\/index.php?rest_route=%2Fwp%2Fv2%2Ftags&post=347"}],"curies":[{"name":"wp","href":"https:\/\/api.w.org\/{rel}","templated":true}]}}