{"id":386,"date":"2014-05-30T21:30:50","date_gmt":"2014-05-30T19:30:50","guid":{"rendered":"http:\/\/konyvhetszeged2014.sk-szeged.hu\/?p=386"},"modified":"2014-06-15T21:04:50","modified_gmt":"2014-06-15T19:04:50","slug":"lazar-ervin-foci","status":"publish","type":"post","link":"http:\/\/konyvhetszeged2014.sk-szeged.hu\/?p=386","title":{"rendered":"L\u00e1z\u00e1r Ervin: Foci"},"content":{"rendered":"<p><a href=\"http:\/\/konyvhetszeged2014.sk-szeged.hu\/wp-content\/uploads\/2014\/06\/lazar_foci.jpg\"><img loading=\"lazy\" decoding=\"async\" class=\"alignleft  wp-image-836\" src=\"http:\/\/konyvhetszeged2014.sk-szeged.hu\/wp-content\/uploads\/2014\/06\/lazar_foci-241x300.jpg\" alt=\"lazar_foci\" width=\"146\" height=\"182\" srcset=\"http:\/\/konyvhetszeged2014.sk-szeged.hu\/wp-content\/uploads\/2014\/06\/lazar_foci-241x300.jpg 241w, http:\/\/konyvhetszeged2014.sk-szeged.hu\/wp-content\/uploads\/2014\/06\/lazar_foci.jpg 250w\" sizes=\"auto, (max-width: 146px) 100vw, 146px\" \/><\/a><\/p>\n<ul>\n<li>2014. j\u00fanius 15. (vas\u00e1rnap) 11.00\u201312.00<\/li>\n<li>Dugonics t\u00e9r (a M\u00f3ra Kiad\u00f3i Csoport s\u00e1tra)<\/li>\n<\/ul>\n<p>Szereti apu a focit? <strong>Gombfoci<\/strong>zni tudtok? Most kipr\u00f3b\u00e1lhatj\u00e1tok profikkal!<\/p>\n<p>&nbsp;<\/p>\n<p>Hasonl\u00f3 programok a M\u00f3ra Kiad\u00f3i Csoport s\u00e1tr\u00e1n\u00e1l:<br \/>\n<a href=\"http:\/\/konyvhetszeged2014.sk-szeged.hu\/?p=62\">Klasszikusok napja \u2013 j\u00e1t\u00e9kos feladatokkal<\/a><br \/>\n<a href=\"http:\/\/konyvhetszeged2014.sk-szeged.hu\/?p=360\">\u00c1llatos k\u00f6nyvek napja<\/a><br \/>\n<a href=\"http:\/\/konyvhetszeged2014.sk-szeged.hu\/?p=366\">May Szilvia: A F\u00e1sli Utcai \u00e1llatk\u00f3rh\u00e1z<\/a><br \/>\n<a href=\"http:\/\/konyvhetszeged2014.sk-szeged.hu\/?p=372\">Marosi Krisztina: Az illatok \u00e9s hangok \u0151rz\u0151je<\/a><br \/>\n<a href=\"http:\/\/konyvhetszeged2014.sk-szeged.hu\/?p=378\">\u00c9ljen a bar\u00e1ts\u00e1g!<\/a><br \/>\n<a href=\"http:\/\/konyvhetszeged2014.sk-szeged.hu\/?p=395\">\u00c1lld ki a pr\u00f3b\u00e1t!<\/a><br \/>\n<a href=\"http:\/\/konyvhetszeged2014.sk-szeged.hu\/?p=818\">Rajzolj bajszot Ap\u00e1nak! \u2026<\/a><\/p>\n","protected":false},"excerpt":{"rendered":"<p>2014. j\u00fanius 15. (vas\u00e1rnap) 11.00\u201312.00 Dugonics t\u00e9r (a M\u00f3ra Kiad\u00f3i Csoport s\u00e1tra) Szereti apu a focit? Gombfocizni tudtok? Most kipr\u00f3b\u00e1lhatj\u00e1tok profikkal! &nbsp; Hasonl\u00f3 programok a M\u00f3ra Kiad\u00f3i Csoport s\u00e1tr\u00e1n\u00e1l: Klasszikusok napja \u2013 j\u00e1t\u00e9kos feladatokkal \u00c1llatos k\u00f6nyvek napja May Szilvia: A &hellip; <a href=\"http:\/\/konyvhetszeged2014.sk-szeged.hu\/?p=386\">Tov\u00e1bb <span class=\"meta-nav\">&rarr;<\/span><\/a><\/p>\n","protected":false},"author":2,"featured_media":0,"comment_status":"closed","ping_status":"open","sticky":false,"template":"","format":"standard","meta":{"footnotes":""},"categories":[310,279,338,282],"tags":[355],"class_list":["post-386","post","type-post","status-publish","format-standard","hentry","category-dugonics-ter","category-gyermekprogram","category-junius-15-vasarnap","category-mora-kiadoi-csoport","tag-lazar-ervin"],"_links":{"self":[{"href":"http:\/\/konyvhetszeged2014.sk-szeged.hu\/index.php?rest_route=\/wp\/v2\/posts\/386","targetHints":{"allow":["GET"]}}],"collection":[{"href":"http:\/\/konyvhetszeged2014.sk-szeged.hu\/index.php?rest_route=\/wp\/v2\/posts"}],"about":[{"href":"http:\/\/konyvhetszeged2014.sk-szeged.hu\/index.php?rest_route=\/wp\/v2\/types\/post"}],"author":[{"embeddable":true,"href":"http:\/\/konyvhetszeged2014.sk-szeged.hu\/index.php?rest_route=\/wp\/v2\/users\/2"}],"replies":[{"embeddable":true,"href":"http:\/\/konyvhetszeged2014.sk-szeged.hu\/index.php?rest_route=%2Fwp%2Fv2%2Fcomments&post=386"}],"version-history":[{"count":8,"href":"http:\/\/konyvhetszeged2014.sk-szeged.hu\/index.php?rest_route=\/wp\/v2\/posts\/386\/revisions"}],"predecessor-version":[{"id":1456,"href":"http:\/\/konyvhetszeged2014.sk-szeged.hu\/index.php?rest_route=\/wp\/v2\/posts\/386\/revisions\/1456"}],"wp:attachment":[{"href":"http:\/\/konyvhetszeged2014.sk-szeged.hu\/index.php?rest_route=%2Fwp%2Fv2%2Fmedia&parent=386"}],"wp:term":[{"taxonomy":"category","embeddable":true,"href":"http:\/\/konyvhetszeged2014.sk-szeged.hu\/index.php?rest_route=%2Fwp%2Fv2%2Fcategories&post=386"},{"taxonomy":"post_tag","embeddable":true,"href":"http:\/\/konyvhetszeged2014.sk-szeged.hu\/index.php?rest_route=%2Fwp%2Fv2%2Ftags&post=386"}],"curies":[{"name":"wp","href":"https:\/\/api.w.org\/{rel}","templated":true}]}}