{"id":5,"date":"2014-05-31T19:50:52","date_gmt":"2014-05-31T17:50:52","guid":{"rendered":"http:\/\/konyvhetszeged2014.sk-szeged.hu\/?p=5"},"modified":"2014-06-05T20:17:02","modified_gmt":"2014-06-05T18:17:02","slug":"a-dorozsmai-kocsi","status":"publish","type":"post","link":"http:\/\/konyvhetszeged2014.sk-szeged.hu\/?p=5","title":{"rendered":"A dorozsmai kocsi"},"content":{"rendered":"<p><a href=\"http:\/\/konyvhetszeged2014.sk-szeged.hu\/wp-content\/uploads\/2014\/05\/juhasz_antal.jpg\"><img loading=\"lazy\" decoding=\"async\" class=\"alignleft  wp-image-6\" src=\"http:\/\/konyvhetszeged2014.sk-szeged.hu\/wp-content\/uploads\/2014\/05\/juhasz_antal.jpg\" alt=\"juhasz_antal\" width=\"196\" height=\"198\" \/><\/a><\/p>\n<ul>\n<li>2014. j\u00fanius 5. (cs\u00fct\u00f6rt\u00f6k) 17.00<\/li>\n<li>Somogyi-k\u00f6nyvt\u00e1r, Dorozsmai fi\u00f3kk\u00f6nyvt\u00e1r (<span id=\"aui_3_2_0_1119\" class=\"value\">Negyvennyolcas u. 12.<\/span>)<\/li>\n<\/ul>\n<p id=\"docs-internal-guid-42738ff0-c345-a853-cffb-1061b721f5c3\" dir=\"ltr\">A Dorozsmai f\u00fczetek 12. sz\u00e1m\u00e1nak bemutat\u00f3ja<\/p>\n<p>A szerz\u0151vel, <strong>dr. Juh\u00e1sz Antal <\/strong>n\u00e9prajzkutat\u00f3val <strong>Vass J\u00f3zsef<\/strong>, a k\u00f6tet szerkeszt\u0151je besz\u00e9lget.<\/p>\n<blockquote><p>&#8222;A l\u0151cs\u00f6s parasztkocsi egyes alkatr\u00e9szeit: az oldalt\u00e1maszt, szakmai nev\u00e9n stincnit, a f\u00f6ll\u00e9p\u0151t, a sarogly\u00e1t olyan tekerv\u00e9nyes, cifra vasal\u00e1sokkal l\u00e1tt\u00e1k el, amilyeneket messze f\u00f6ld\u00f6n nem k\u00e9sz\u00edtettek kov\u00e1csmesterek&#8230;\u00a0 A l\u0151cs\u00f6s kocsinak tartoz\u00e9ka volt a f\u0171zvessz\u0151b\u0151l font kocsikas, r\u00e9gebbi nev\u00e9n cser\u00e9ny, melyet bel\u00fclr\u0151l a kocsioldalhoz t\u00e1masztottak, ez\u00e9rt \u00f3dalkas neve is hallhat\u00f3.&#8221; (r\u00e9szlet a Kiskundorozsma c\u00edm\u0171 tanulm\u00e1nyk\u00f6tetb\u0151l)<\/p><\/blockquote>\n<p>Kapcsol\u00f3d\u00f3 esem\u00e9ny:<br \/>\n<a href=\"http:\/\/konyvhetszeged2014.sk-szeged.hu\/?p=1018\">Mar\u00f3ti L\u00e1szl\u00f3: T\u00f6rt\u00e9nelem morzs\u00e1k Sztriha K\u00e1lm\u00e1n \u00e9let\u00e9b\u0151l<\/a><\/p>\n<p>Aj\u00e1nl\u00f3:<br \/>\n<a href=\"http:\/\/www.kiskundorozsma.hu\/site\/index.php\/helytortenet\" target=\"_blank\">Kiskundorozsma.hu \u2013 helyt\u00f6rt\u00e9net<\/a><\/p>\n","protected":false},"excerpt":{"rendered":"<p>2014. j\u00fanius 5. (cs\u00fct\u00f6rt\u00f6k) 17.00 Somogyi-k\u00f6nyvt\u00e1r, Dorozsmai fi\u00f3kk\u00f6nyvt\u00e1r (Negyvennyolcas u. 12.) A Dorozsmai f\u00fczetek 12. sz\u00e1m\u00e1nak bemutat\u00f3ja A szerz\u0151vel, dr. Juh\u00e1sz Antal n\u00e9prajzkutat\u00f3val Vass J\u00f3zsef, a k\u00f6tet szerkeszt\u0151je besz\u00e9lget. &#8222;A l\u0151cs\u00f6s parasztkocsi egyes alkatr\u00e9szeit: az oldalt\u00e1maszt, szakmai nev\u00e9n stincnit, a &hellip; <a href=\"http:\/\/konyvhetszeged2014.sk-szeged.hu\/?p=5\">Tov\u00e1bb <span class=\"meta-nav\">&rarr;<\/span><\/a><\/p>\n","protected":false},"author":2,"featured_media":0,"comment_status":"closed","ping_status":"open","sticky":false,"template":"","format":"standard","meta":{"footnotes":""},"categories":[275,276,288,273],"tags":[283],"class_list":["post-5","post","type-post","status-publish","format-standard","hentry","category-juhasz-antal","category-junius-5-csutortok","category-konyvbemutato","category-somogyi-konyvtar","tag-vass-jozsef"],"_links":{"self":[{"href":"http:\/\/konyvhetszeged2014.sk-szeged.hu\/index.php?rest_route=\/wp\/v2\/posts\/5","targetHints":{"allow":["GET"]}}],"collection":[{"href":"http:\/\/konyvhetszeged2014.sk-szeged.hu\/index.php?rest_route=\/wp\/v2\/posts"}],"about":[{"href":"http:\/\/konyvhetszeged2014.sk-szeged.hu\/index.php?rest_route=\/wp\/v2\/types\/post"}],"author":[{"embeddable":true,"href":"http:\/\/konyvhetszeged2014.sk-szeged.hu\/index.php?rest_route=\/wp\/v2\/users\/2"}],"replies":[{"embeddable":true,"href":"http:\/\/konyvhetszeged2014.sk-szeged.hu\/index.php?rest_route=%2Fwp%2Fv2%2Fcomments&post=5"}],"version-history":[{"count":4,"href":"http:\/\/konyvhetszeged2014.sk-szeged.hu\/index.php?rest_route=\/wp\/v2\/posts\/5\/revisions"}],"predecessor-version":[{"id":1024,"href":"http:\/\/konyvhetszeged2014.sk-szeged.hu\/index.php?rest_route=\/wp\/v2\/posts\/5\/revisions\/1024"}],"wp:attachment":[{"href":"http:\/\/konyvhetszeged2014.sk-szeged.hu\/index.php?rest_route=%2Fwp%2Fv2%2Fmedia&parent=5"}],"wp:term":[{"taxonomy":"category","embeddable":true,"href":"http:\/\/konyvhetszeged2014.sk-szeged.hu\/index.php?rest_route=%2Fwp%2Fv2%2Fcategories&post=5"},{"taxonomy":"post_tag","embeddable":true,"href":"http:\/\/konyvhetszeged2014.sk-szeged.hu\/index.php?rest_route=%2Fwp%2Fv2%2Ftags&post=5"}],"curies":[{"name":"wp","href":"https:\/\/api.w.org\/{rel}","templated":true}]}}