{"id":572,"date":"2014-05-30T13:10:22","date_gmt":"2014-05-30T11:10:22","guid":{"rendered":"http:\/\/konyvhetszeged2014.sk-szeged.hu\/?p=572"},"modified":"2014-06-16T23:30:33","modified_gmt":"2014-06-16T21:30:33","slug":"kockak-beszelgetese","status":"publish","type":"post","link":"http:\/\/konyvhetszeged2014.sk-szeged.hu\/?p=572","title":{"rendered":"Kock\u00e1k besz\u00e9lget\u00e9se"},"content":{"rendered":"<p><a href=\"http:\/\/konyvhetszeged2014.sk-szeged.hu\/wp-content\/uploads\/2014\/05\/pilcz_roland.jpg\"><img loading=\"lazy\" decoding=\"async\" class=\"alignleft  wp-image-573\" title=\"Pilcz Roland\" src=\"http:\/\/konyvhetszeged2014.sk-szeged.hu\/wp-content\/uploads\/2014\/05\/pilcz_roland-199x300.jpg\" alt=\"pilcz_roland\" width=\"162\" height=\"244\" srcset=\"http:\/\/konyvhetszeged2014.sk-szeged.hu\/wp-content\/uploads\/2014\/05\/pilcz_roland-199x300.jpg 199w, http:\/\/konyvhetszeged2014.sk-szeged.hu\/wp-content\/uploads\/2014\/05\/pilcz_roland.jpg 399w\" sizes=\"auto, (max-width: 162px) 100vw, 162px\" \/><\/a><\/p>\n<ul>\n<li>2014. j\u00fanius 16. (h\u00e9tf\u0151) 18.00<\/li>\n<li>Grimm K\u00f6nyvesbolt \u00e9s Gal\u00e9ria K\u00e1v\u00e9z\u00f3 terasza (K\u00f6lcsey utca 4.)<\/li>\n<\/ul>\n<p>Az X-emb\u00f6r k\u00e9rdezi Kalyber Joe-t \u2013 <strong>Pilcz Roland<\/strong> szegedi k\u00e9preg\u00e9nyrajzol\u00f3val <strong>V\u00e1radi G\u00e1bor<\/strong> szegedi k\u00e9preg\u00e9nyes besz\u00e9lget.<\/p>\n<blockquote><p>&#8222;Sz\u00e1momra Kalyber Joe figur\u00e1ja egy k\u00f6lcs\u00f6n\u00f6s kapcsolaton alapul, mert, b\u00e1r \u00e9n alkottam meg \u00e9s \u00edrom a sors\u00e1t, m\u00e9gis nagyon sokszor folyamodok a seg\u00edts\u00e9g\u00e9\u00e9rt; &#8222;vajon \u0151 hogyan viselkedne, vagy hogyan oldan\u00e1 meg ezt a helyzetet?&#8221;<br \/>\nMivel \u00e9n is rengeteg k\u00ednos szitu\u00e1ci\u00f3ba haj\u00edtottam m\u00e1r \u0151t bele, mag\u00e1ra hagyva annak megold\u00e1s\u00e1ban, ismerem azokat a reakci\u00f3it, melyeket &#8222;b\u00fcntetlen\u00fcl&#8221; haszn\u00e1lhatott az \u00e9n meghatalmaz\u00e1somban. \u00c9s h\u00e1t mi ez, ha nem az \u00e9n legbels\u0151, \u0151szinte reflekszi\u00f3m egy helyzetre?&#8221;<\/p><\/blockquote>\n<p>Kapcsol\u00f3d\u00f3 esem\u00e9ny: Rajzoljunk k\u00e9preg\u00e9nyt!<br \/>\n<a href=\"http:\/\/konyvhetszeged2014.sk-szeged.hu\/?p=562\">j\u00fanius 13. (p\u00e9ntek) 17.00<\/a>, <a href=\"http:\/\/konyvhetszeged2014.sk-szeged.hu\/?p=565\">j\u00fanius 14. (szombat) 17.00<\/a>, <a href=\"http:\/\/konyvhetszeged2014.sk-szeged.hu\/?p=568\">j\u00fanius 15. (vas\u00e1rnap) 17.00<\/a><\/p>\n<p>Aj\u00e1nl\u00f3:<br \/>\n<a href=\"http:\/\/www.ekultura.hu\/olvasnivalo\/egyeb\/cikk\/2014-01-18+17%3A00%3A00\/interju-pilcz-roland-2013-december\" target=\"_blank\">Interj\u00fa: Pilcz Roland \u2013 2013. december<\/a> (ekultura.hu)<br \/>\n<a href=\"http:\/\/www.kalyberjoe.hu\/\" target=\"_blank\">Kalyber Joe<\/a><br \/>\n<a href=\"http:\/\/x-emborok.blog.hu\/\" target=\"_blank\">X-Emb\u00f6r\u00f6k<\/a><\/p>\n","protected":false},"excerpt":{"rendered":"<p>2014. j\u00fanius 16. (h\u00e9tf\u0151) 18.00 Grimm K\u00f6nyvesbolt \u00e9s Gal\u00e9ria K\u00e1v\u00e9z\u00f3 terasza (K\u00f6lcsey utca 4.) Az X-emb\u00f6r k\u00e9rdezi Kalyber Joe-t \u2013 Pilcz Roland szegedi k\u00e9preg\u00e9nyrajzol\u00f3val V\u00e1radi G\u00e1bor szegedi k\u00e9preg\u00e9nyes besz\u00e9lget. &#8222;Sz\u00e1momra Kalyber Joe figur\u00e1ja egy k\u00f6lcs\u00f6n\u00f6s kapcsolaton alapul, mert, b\u00e1r \u00e9n &hellip; <a href=\"http:\/\/konyvhetszeged2014.sk-szeged.hu\/?p=572\">Tov\u00e1bb <span class=\"meta-nav\">&rarr;<\/span><\/a><\/p>\n","protected":false},"author":2,"featured_media":0,"comment_status":"closed","ping_status":"open","sticky":false,"template":"","format":"standard","meta":{"footnotes":""},"categories":[285,383,339,384],"tags":[565,385],"class_list":["post-572","post","type-post","status-publish","format-standard","hentry","category-beszelgetes","category-grimm-konyvesbolt-es-galeria-kavezo","category-junius-16-hetfo","category-pilcz-roland","tag-pilcz-roland","tag-varadi-gabor"],"_links":{"self":[{"href":"http:\/\/konyvhetszeged2014.sk-szeged.hu\/index.php?rest_route=\/wp\/v2\/posts\/572","targetHints":{"allow":["GET"]}}],"collection":[{"href":"http:\/\/konyvhetszeged2014.sk-szeged.hu\/index.php?rest_route=\/wp\/v2\/posts"}],"about":[{"href":"http:\/\/konyvhetszeged2014.sk-szeged.hu\/index.php?rest_route=\/wp\/v2\/types\/post"}],"author":[{"embeddable":true,"href":"http:\/\/konyvhetszeged2014.sk-szeged.hu\/index.php?rest_route=\/wp\/v2\/users\/2"}],"replies":[{"embeddable":true,"href":"http:\/\/konyvhetszeged2014.sk-szeged.hu\/index.php?rest_route=%2Fwp%2Fv2%2Fcomments&post=572"}],"version-history":[{"count":7,"href":"http:\/\/konyvhetszeged2014.sk-szeged.hu\/index.php?rest_route=\/wp\/v2\/posts\/572\/revisions"}],"predecessor-version":[{"id":1477,"href":"http:\/\/konyvhetszeged2014.sk-szeged.hu\/index.php?rest_route=\/wp\/v2\/posts\/572\/revisions\/1477"}],"wp:attachment":[{"href":"http:\/\/konyvhetszeged2014.sk-szeged.hu\/index.php?rest_route=%2Fwp%2Fv2%2Fmedia&parent=572"}],"wp:term":[{"taxonomy":"category","embeddable":true,"href":"http:\/\/konyvhetszeged2014.sk-szeged.hu\/index.php?rest_route=%2Fwp%2Fv2%2Fcategories&post=572"},{"taxonomy":"post_tag","embeddable":true,"href":"http:\/\/konyvhetszeged2014.sk-szeged.hu\/index.php?rest_route=%2Fwp%2Fv2%2Ftags&post=572"}],"curies":[{"name":"wp","href":"https:\/\/api.w.org\/{rel}","templated":true}]}}