{"id":668,"date":"2014-05-31T03:40:59","date_gmt":"2014-05-31T01:40:59","guid":{"rendered":"http:\/\/konyvhetszeged2014.sk-szeged.hu\/?p=668"},"modified":"2014-06-14T22:22:52","modified_gmt":"2014-06-14T20:22:52","slug":"lesi-zoltan-dedikal","status":"publish","type":"post","link":"http:\/\/konyvhetszeged2014.sk-szeged.hu\/?p=668","title":{"rendered":"Lesi Zolt\u00e1n dedik\u00e1l"},"content":{"rendered":"<p><a href=\"http:\/\/konyvhetszeged2014.sk-szeged.hu\/wp-content\/uploads\/2014\/05\/lesi_merul.jpg\"><img loading=\"lazy\" decoding=\"async\" class=\"alignleft  wp-image-669\" src=\"http:\/\/konyvhetszeged2014.sk-szeged.hu\/wp-content\/uploads\/2014\/05\/lesi_merul-216x300.jpg\" alt=\"lesi_merul\" width=\"188\" height=\"262\" srcset=\"http:\/\/konyvhetszeged2014.sk-szeged.hu\/wp-content\/uploads\/2014\/05\/lesi_merul-216x300.jpg 216w, http:\/\/konyvhetszeged2014.sk-szeged.hu\/wp-content\/uploads\/2014\/05\/lesi_merul.jpg 378w\" sizes=\"auto, (max-width: 188px) 100vw, 188px\" \/><\/a><\/p>\n<ul>\n<li>2014. j\u00fanius 14. (szombat) 11.30<\/li>\n<li>Dugonics t\u00e9r<\/li>\n<\/ul>\n<p>A Klauz\u00e1l K\u00f6nyvesbolt s\u00e1tr\u00e1n\u00e1l Lesi Zolt\u00e1n Mer\u00fcl (Prae.hu, JAK-f\u00fczetek) c\u00edm\u0171 k\u00f6tet\u00e9t dedik\u00e1lja.<\/p>\n<blockquote><p>&#8222;Lesi Zolt\u00e1n m\u00e1sodik versesk\u00f6tet\u00e9ben ap\u00e1k, any\u00e1k \u00e9s gyermekek bolyonganak. M\u00e9gsem egy csal\u00e1d t\u00f6rt\u00e9nete ez, hiszen a csal\u00e1d fogalma egy\u00e1ltal\u00e1n nem mag\u00e1t\u00f3l \u00e9rtet\u0151d\u0151 ebben a k\u00f6lt\u00e9szetben. Lesi verseiben a l\u00edrai n\u00e9z\u0151pont v\u00e1ndorl\u00e1sa az \u00e9letesem\u00e9nyek szem\u00e9lyk\u00f6zi hull\u00e1mz\u00e1s\u00e1t jelen\u00edti meg. Ezek az alanyi sz\u00f3lamok legt\u00f6bbsz\u00f6r a gyermek- \u00e9s feln\u0151ttl\u00e9t hat\u00e1rvid\u00e9k\u00e9n, egy mesei t\u00e1jban tal\u00e1lkoznak \u00f6ssze, mintha a priv\u00e1t m\u00e1gia lenne az egyetlen hiteles eszk\u00f6z arra, hogy &#8211; hazugs\u00e1gon \u00e9s \u0151szintes\u00e9gen t\u00fal &#8211; otthonos mint\u00e1v\u00e1 var\u00e1zsoljuk az (\u00f6n)idegens\u00e9g alakzatait.&#8221; (<em>Nemes Z. M\u00e1ri\u00f3)<\/em><\/p><\/blockquote>\n<p>Kapcsol\u00f3d\u00f3 esem\u00e9ny:<br \/>\n<a href=\"http:\/\/konyvhetszeged2014.sk-szeged.hu\/?p=661\">Szegedi \u00cdr\u00f3k Napja<\/a><\/p>\n","protected":false},"excerpt":{"rendered":"<p>2014. j\u00fanius 14. (szombat) 11.30 Dugonics t\u00e9r A Klauz\u00e1l K\u00f6nyvesbolt s\u00e1tr\u00e1n\u00e1l Lesi Zolt\u00e1n Mer\u00fcl (Prae.hu, JAK-f\u00fczetek) c\u00edm\u0171 k\u00f6tet\u00e9t dedik\u00e1lja. &#8222;Lesi Zolt\u00e1n m\u00e1sodik versesk\u00f6tet\u00e9ben ap\u00e1k, any\u00e1k \u00e9s gyermekek bolyonganak. M\u00e9gsem egy csal\u00e1d t\u00f6rt\u00e9nete ez, hiszen a csal\u00e1d fogalma egy\u00e1ltal\u00e1n nem mag\u00e1t\u00f3l &hellip; <a href=\"http:\/\/konyvhetszeged2014.sk-szeged.hu\/?p=668\">Tov\u00e1bb <span class=\"meta-nav\">&rarr;<\/span><\/a><\/p>\n","protected":false},"author":2,"featured_media":0,"comment_status":"closed","ping_status":"open","sticky":false,"template":"","format":"standard","meta":{"footnotes":""},"categories":[321,310,336,431,433],"tags":[],"class_list":["post-668","post","type-post","status-publish","format-standard","hentry","category-dedikalas","category-dugonics-ter","category-junius-14-szombat","category-lesi-zoltan","category-prae-hu"],"_links":{"self":[{"href":"http:\/\/konyvhetszeged2014.sk-szeged.hu\/index.php?rest_route=\/wp\/v2\/posts\/668","targetHints":{"allow":["GET"]}}],"collection":[{"href":"http:\/\/konyvhetszeged2014.sk-szeged.hu\/index.php?rest_route=\/wp\/v2\/posts"}],"about":[{"href":"http:\/\/konyvhetszeged2014.sk-szeged.hu\/index.php?rest_route=\/wp\/v2\/types\/post"}],"author":[{"embeddable":true,"href":"http:\/\/konyvhetszeged2014.sk-szeged.hu\/index.php?rest_route=\/wp\/v2\/users\/2"}],"replies":[{"embeddable":true,"href":"http:\/\/konyvhetszeged2014.sk-szeged.hu\/index.php?rest_route=%2Fwp%2Fv2%2Fcomments&post=668"}],"version-history":[{"count":3,"href":"http:\/\/konyvhetszeged2014.sk-szeged.hu\/index.php?rest_route=\/wp\/v2\/posts\/668\/revisions"}],"predecessor-version":[{"id":1427,"href":"http:\/\/konyvhetszeged2014.sk-szeged.hu\/index.php?rest_route=\/wp\/v2\/posts\/668\/revisions\/1427"}],"wp:attachment":[{"href":"http:\/\/konyvhetszeged2014.sk-szeged.hu\/index.php?rest_route=%2Fwp%2Fv2%2Fmedia&parent=668"}],"wp:term":[{"taxonomy":"category","embeddable":true,"href":"http:\/\/konyvhetszeged2014.sk-szeged.hu\/index.php?rest_route=%2Fwp%2Fv2%2Fcategories&post=668"},{"taxonomy":"post_tag","embeddable":true,"href":"http:\/\/konyvhetszeged2014.sk-szeged.hu\/index.php?rest_route=%2Fwp%2Fv2%2Ftags&post=668"}],"curies":[{"name":"wp","href":"https:\/\/api.w.org\/{rel}","templated":true}]}}