{"id":674,"date":"2014-05-31T03:50:14","date_gmt":"2014-05-31T01:50:14","guid":{"rendered":"http:\/\/konyvhetszeged2014.sk-szeged.hu\/?p=674"},"modified":"2014-06-14T22:22:38","modified_gmt":"2014-06-14T20:22:38","slug":"toperczer-istvan-dedikal","status":"publish","type":"post","link":"http:\/\/konyvhetszeged2014.sk-szeged.hu\/?p=674","title":{"rendered":"Toperczer Istv\u00e1n dedik\u00e1l"},"content":{"rendered":"<p><a href=\"http:\/\/konyvhetszeged2014.sk-szeged.hu\/wp-content\/uploads\/2014\/05\/toperczer.jpg\"><img loading=\"lazy\" decoding=\"async\" class=\"alignleft  wp-image-675\" src=\"http:\/\/konyvhetszeged2014.sk-szeged.hu\/wp-content\/uploads\/2014\/05\/toperczer-210x300.jpg\" alt=\"toperczer\" width=\"189\" height=\"270\" srcset=\"http:\/\/konyvhetszeged2014.sk-szeged.hu\/wp-content\/uploads\/2014\/05\/toperczer-210x300.jpg 210w, http:\/\/konyvhetszeged2014.sk-szeged.hu\/wp-content\/uploads\/2014\/05\/toperczer.jpg 246w\" sizes=\"auto, (max-width: 189px) 100vw, 189px\" \/><\/a><\/p>\n<ul>\n<li>2014. j\u00fanius 14. (szombat) 11.00<\/li>\n<li>Dugonics t\u00e9r<\/li>\n<\/ul>\n<p>A Zr\u00ednyi K\u00f6nyvkiad\u00f3 s\u00e1tr\u00e1n\u00e1l dr. Toperczer Istv\u00e1n dedik\u00e1l.<\/p>\n<blockquote><p>&#8222;Kaposv\u00e1ron sz\u00fclettem, 1963. \u00e1prilis 2-\u00e1n.<br \/>\nTanulm\u00e1nyaimat P\u00e9csett v\u00e9geztem \u2013 1981-ben \u00e9retts\u00e9giztem a P\u00e9csi Nagy Lajos Gimn\u00e1ziumban, 1987-ben \u00e1ltal\u00e1nos orvosi diplom\u00e1t szereztem a P\u00e9csi Orvostudom\u00e1nyi Egyetemen.<br \/>\n1987 \u00e9s 1996 k\u00f6z\u00f6tt a kaposv\u00e1ri \u201eKaposi M\u00f3r\u201d Megyei K\u00f3rh\u00e1z Baleseti Seb\u00e9szet\u00e9n dolgoztam, ahol baleseti \u00e9s \u00e1ltal\u00e1nos seb\u00e9szetb\u0151l tettem le szakvizsg\u00e1t.\u00a01996 \u00e9s 2005 k\u00f6z\u00f6tt a Magyar L\u00e9gier\u0151 \u201eKapos\u201d B\u00e1zisrep\u00fcl\u0151ter\u00e9n szolg\u00e1ltam a rep\u00fcl\u0151orvostan szakorvosak\u00e9nt. Az alakulat felsz\u00e1mol\u00e1sa ut\u00e1n 2006 janu\u00e1rj\u00e1t\u00f3l az MH 59 \u201eSzentgy\u00f6rgyi Dezs\u0151\u201d Rep\u00fcl\u0151b\u00e1zis\u00e1n rep\u00fcl\u0151orvosk\u00e9nt, valamint a honv\u00e9d- \u00e9s katasztr\u00f3faorvostan szakorvosak\u00e9nt l\u00e1tom el feladataimat.<br \/>\n2002-ben adt\u00e1k ki \u201eFelh\u0151lovagok\u201d c\u00edmen els\u0151 fot\u00f3albumomat a Magyar L\u00e9gier\u0151 egy \u00e9vtized\u00e9nek t\u00f6rt\u00e9net\u00e9r\u0151l (1991-2001).\u00a0A kilencvenes \u00e9vek m\u00e1sodik fel\u00e9ben h\u00e1romszor j\u00e1rtam Vietnamban, ahol az amerikai-vietnami h\u00e1bor\u00fa l\u00e9giharcair\u00f3l gy\u0171jt\u00f6ttem arch\u00edv anyagot, amelyet amerikai \u00e9s angol kiad\u00f3kn\u00e1l k\u00f6nyvekben publik\u00e1ltam.<br \/>\n2003-ban Kambodzs\u00e1ban, 2004-ben Laoszban folytattam indok\u00ednai utaz\u00e1saimat, majd 2005-ben Indok\u00edna c\u00edmmel megjelen\u0151 fot\u00f3albumom magyar \u00fatik\u00f6nyvk\u00e9nt el\u0151sz\u00f6r mutatta be az eml\u00edtett h\u00e1rom orsz\u00e1got.<br \/>\n2012-ben Afganiszt\u00e1n &#8211; M\u00e1sk\u00e9pp c\u00edmmel jelent meg fot\u00f3albumom, melyben az Afganiszt\u00e1nban t\u00f6lt\u00f6tt katonai misszi\u00f3s tev\u00e9kenys\u00e9gem sor\u00e1n k\u00e9sz\u00fclt k\u00e9pek mutatj\u00e1k be az \u00e1zsiai orsz\u00e1got.<br \/>\nK\u00fclf\u00f6ldi utaz\u00e1saim c\u00e9lja, az emberi kult\u00far\u00e1k \u00e9s a vall\u00e1sok b\u00f6lcs\u0151inek megismer\u00e9se.<br \/>\nA Magyar \u00dajs\u00e1g\u00edr\u00f3k Orsz\u00e1gos Sz\u00f6vets\u00e9g\u00e9nek tagjak\u00e9nt hazai \u00e9s k\u00fclf\u00f6ldi rep\u00fcl\u00e9si szaklapokban rendszeresen jelennek meg l\u00e9gifelv\u00e9teleim \u00e9s cikkeim, valamint turisztikai magazinokban publik\u00e1lom f\u00e9nyk\u00e9pekkel illusztr\u00e1lt \u00fatibesz\u00e1mol\u00f3imat.&#8221; (<a href=\"http:\/\/www.topidoc.hu\/?p=home\" target=\"_blank\">Toperczer Istv\u00e1n honlapj\u00e1r\u00f3l<\/a>)<\/p><\/blockquote>\n","protected":false},"excerpt":{"rendered":"<p>2014. j\u00fanius 14. (szombat) 11.00 Dugonics t\u00e9r A Zr\u00ednyi K\u00f6nyvkiad\u00f3 s\u00e1tr\u00e1n\u00e1l dr. Toperczer Istv\u00e1n dedik\u00e1l. &#8222;Kaposv\u00e1ron sz\u00fclettem, 1963. \u00e1prilis 2-\u00e1n. Tanulm\u00e1nyaimat P\u00e9csett v\u00e9geztem \u2013 1981-ben \u00e9retts\u00e9giztem a P\u00e9csi Nagy Lajos Gimn\u00e1ziumban, 1987-ben \u00e1ltal\u00e1nos orvosi diplom\u00e1t szereztem a P\u00e9csi Orvostudom\u00e1nyi Egyetemen. &hellip; <a href=\"http:\/\/konyvhetszeged2014.sk-szeged.hu\/?p=674\">Tov\u00e1bb <span class=\"meta-nav\">&rarr;<\/span><\/a><\/p>\n","protected":false},"author":2,"featured_media":0,"comment_status":"closed","ping_status":"open","sticky":false,"template":"","format":"standard","meta":{"footnotes":""},"categories":[321,310,336,434,326],"tags":[],"class_list":["post-674","post","type-post","status-publish","format-standard","hentry","category-dedikalas","category-dugonics-ter","category-junius-14-szombat","category-toperczer-istvan","category-zrinyi"],"_links":{"self":[{"href":"http:\/\/konyvhetszeged2014.sk-szeged.hu\/index.php?rest_route=\/wp\/v2\/posts\/674","targetHints":{"allow":["GET"]}}],"collection":[{"href":"http:\/\/konyvhetszeged2014.sk-szeged.hu\/index.php?rest_route=\/wp\/v2\/posts"}],"about":[{"href":"http:\/\/konyvhetszeged2014.sk-szeged.hu\/index.php?rest_route=\/wp\/v2\/types\/post"}],"author":[{"embeddable":true,"href":"http:\/\/konyvhetszeged2014.sk-szeged.hu\/index.php?rest_route=\/wp\/v2\/users\/2"}],"replies":[{"embeddable":true,"href":"http:\/\/konyvhetszeged2014.sk-szeged.hu\/index.php?rest_route=%2Fwp%2Fv2%2Fcomments&post=674"}],"version-history":[{"count":2,"href":"http:\/\/konyvhetszeged2014.sk-szeged.hu\/index.php?rest_route=\/wp\/v2\/posts\/674\/revisions"}],"predecessor-version":[{"id":1426,"href":"http:\/\/konyvhetszeged2014.sk-szeged.hu\/index.php?rest_route=\/wp\/v2\/posts\/674\/revisions\/1426"}],"wp:attachment":[{"href":"http:\/\/konyvhetszeged2014.sk-szeged.hu\/index.php?rest_route=%2Fwp%2Fv2%2Fmedia&parent=674"}],"wp:term":[{"taxonomy":"category","embeddable":true,"href":"http:\/\/konyvhetszeged2014.sk-szeged.hu\/index.php?rest_route=%2Fwp%2Fv2%2Fcategories&post=674"},{"taxonomy":"post_tag","embeddable":true,"href":"http:\/\/konyvhetszeged2014.sk-szeged.hu\/index.php?rest_route=%2Fwp%2Fv2%2Ftags&post=674"}],"curies":[{"name":"wp","href":"https:\/\/api.w.org\/{rel}","templated":true}]}}