{"id":754,"date":"2014-05-30T23:40:30","date_gmt":"2014-05-30T21:40:30","guid":{"rendered":"http:\/\/konyvhetszeged2014.sk-szeged.hu\/?p=754"},"modified":"2014-06-14T22:30:09","modified_gmt":"2014-06-14T20:30:09","slug":"santa-gabor-dedikal","status":"publish","type":"post","link":"http:\/\/konyvhetszeged2014.sk-szeged.hu\/?p=754","title":{"rendered":"S\u00e1nta G\u00e1bor dedik\u00e1l"},"content":{"rendered":"<p><a href=\"http:\/\/konyvhetszeged2014.sk-szeged.hu\/wp-content\/uploads\/2014\/06\/santa_gabor.jpg\"><img loading=\"lazy\" decoding=\"async\" class=\"alignleft  wp-image-755\" src=\"http:\/\/konyvhetszeged2014.sk-szeged.hu\/wp-content\/uploads\/2014\/06\/santa_gabor-239x300.jpg\" alt=\"santa_gabor\" width=\"183\" height=\"230\" srcset=\"http:\/\/konyvhetszeged2014.sk-szeged.hu\/wp-content\/uploads\/2014\/06\/santa_gabor-239x300.jpg 239w, http:\/\/konyvhetszeged2014.sk-szeged.hu\/wp-content\/uploads\/2014\/06\/santa_gabor.jpg 367w\" sizes=\"auto, (max-width: 183px) 100vw, 183px\" \/><\/a><\/p>\n<ul>\n<li>2014. j\u00fanius 14. (szombat) 18.30<\/li>\n<li>Dugonics t\u00e9r<\/li>\n<\/ul>\n<p>A M\u00f3ra Kiad\u00f3i Csoport s\u00e1tr\u00e1n\u00e1l \u00a0S\u00e1nta G\u00e1bor dedik\u00e1l.<\/p>\n<p>Kapcsol\u00f3d\u00f3 esem\u00e9ny:<br \/>\n<a href=\"http:\/\/konyvhetszeged2014.sk-szeged.hu\/?p=757\">Besz\u00e9lget\u00e9s S\u00e1nta G\u00e1bor irodalomt\u00f6rt\u00e9n\u00e9sszel<\/a><\/p>\n","protected":false},"excerpt":{"rendered":"<p>2014. j\u00fanius 14. (szombat) 18.30 Dugonics t\u00e9r A M\u00f3ra Kiad\u00f3i Csoport s\u00e1tr\u00e1n\u00e1l \u00a0S\u00e1nta G\u00e1bor dedik\u00e1l. Kapcsol\u00f3d\u00f3 esem\u00e9ny: Besz\u00e9lget\u00e9s S\u00e1nta G\u00e1bor irodalomt\u00f6rt\u00e9n\u00e9sszel<\/p>\n","protected":false},"author":2,"featured_media":0,"comment_status":"closed","ping_status":"open","sticky":false,"template":"","format":"standard","meta":{"footnotes":""},"categories":[321,310,336,282,453],"tags":[],"class_list":["post-754","post","type-post","status-publish","format-standard","hentry","category-dedikalas","category-dugonics-ter","category-junius-14-szombat","category-mora-kiadoi-csoport","category-santa-gabor"],"_links":{"self":[{"href":"http:\/\/konyvhetszeged2014.sk-szeged.hu\/index.php?rest_route=\/wp\/v2\/posts\/754","targetHints":{"allow":["GET"]}}],"collection":[{"href":"http:\/\/konyvhetszeged2014.sk-szeged.hu\/index.php?rest_route=\/wp\/v2\/posts"}],"about":[{"href":"http:\/\/konyvhetszeged2014.sk-szeged.hu\/index.php?rest_route=\/wp\/v2\/types\/post"}],"author":[{"embeddable":true,"href":"http:\/\/konyvhetszeged2014.sk-szeged.hu\/index.php?rest_route=\/wp\/v2\/users\/2"}],"replies":[{"embeddable":true,"href":"http:\/\/konyvhetszeged2014.sk-szeged.hu\/index.php?rest_route=%2Fwp%2Fv2%2Fcomments&post=754"}],"version-history":[{"count":3,"href":"http:\/\/konyvhetszeged2014.sk-szeged.hu\/index.php?rest_route=\/wp\/v2\/posts\/754\/revisions"}],"predecessor-version":[{"id":761,"href":"http:\/\/konyvhetszeged2014.sk-szeged.hu\/index.php?rest_route=\/wp\/v2\/posts\/754\/revisions\/761"}],"wp:attachment":[{"href":"http:\/\/konyvhetszeged2014.sk-szeged.hu\/index.php?rest_route=%2Fwp%2Fv2%2Fmedia&parent=754"}],"wp:term":[{"taxonomy":"category","embeddable":true,"href":"http:\/\/konyvhetszeged2014.sk-szeged.hu\/index.php?rest_route=%2Fwp%2Fv2%2Fcategories&post=754"},{"taxonomy":"post_tag","embeddable":true,"href":"http:\/\/konyvhetszeged2014.sk-szeged.hu\/index.php?rest_route=%2Fwp%2Fv2%2Ftags&post=754"}],"curies":[{"name":"wp","href":"https:\/\/api.w.org\/{rel}","templated":true}]}}