{"id":82,"date":"2014-05-31T16:20:20","date_gmt":"2014-05-31T14:20:20","guid":{"rendered":"http:\/\/konyvhetszeged2014.sk-szeged.hu\/?p=82"},"modified":"2014-06-12T21:55:22","modified_gmt":"2014-06-12T19:55:22","slug":"a-szegedi-deak-big-band-egyuttes-musora","status":"publish","type":"post","link":"http:\/\/konyvhetszeged2014.sk-szeged.hu\/?p=82","title":{"rendered":"A szegedi De\u00e1k Big Band egy\u00fcttes m\u0171sora"},"content":{"rendered":"<p><a href=\"http:\/\/konyvhetszeged2014.sk-szeged.hu\/wp-content\/uploads\/2014\/05\/deak_big_band.jpg\"><img loading=\"lazy\" decoding=\"async\" class=\"alignleft size-medium wp-image-83\" src=\"http:\/\/konyvhetszeged2014.sk-szeged.hu\/wp-content\/uploads\/2014\/05\/deak_big_band-300x200.jpg\" alt=\"deak_big_band\" width=\"300\" height=\"200\" srcset=\"http:\/\/konyvhetszeged2014.sk-szeged.hu\/wp-content\/uploads\/2014\/05\/deak_big_band-300x200.jpg 300w, http:\/\/konyvhetszeged2014.sk-szeged.hu\/wp-content\/uploads\/2014\/05\/deak_big_band.jpg 720w\" sizes=\"auto, (max-width: 300px) 100vw, 300px\" \/><\/a><\/p>\n<ul>\n<li>2014. j\u00fanius 12. (cs\u00fct\u00f6rt\u00f6k) 16.30<\/li>\n<li>Dugonics t\u00e9r<\/li>\n<\/ul>\n<blockquote><p>A De\u00e1k Big Band 2009. okt\u00f3ber\u00e9ben alakult lelkes szegedi zen\u00e9szekb\u0151l. Az egy\u00fcttes vezet\u0151je Kiszin Mikl\u00f3s, a De\u00e1k Ferenc Gimn\u00e1zium tan\u00e1ra, tagjai a Gimn\u00e1zium volt \u00e9s jelenlegi tanul\u00f3i, valamint a szegedi Fricsay Ferenc F\u00fav\u00f3szenekar zen\u00e9szei.<\/p><\/blockquote>\n<p>Aj\u00e1nl\u00f3:<br \/>\n<a href=\"https:\/\/hu-hu.facebook.com\/DeakBigBand\" target=\"_blank\">A De\u00e1k Big Band a Facebookon<\/a><\/p>\n","protected":false},"excerpt":{"rendered":"<p>2014. j\u00fanius 12. (cs\u00fct\u00f6rt\u00f6k) 16.30 Dugonics t\u00e9r A De\u00e1k Big Band 2009. okt\u00f3ber\u00e9ben alakult lelkes szegedi zen\u00e9szekb\u0151l. Az egy\u00fcttes vezet\u0151je Kiszin Mikl\u00f3s, a De\u00e1k Ferenc Gimn\u00e1zium tan\u00e1ra, tagjai a Gimn\u00e1zium volt \u00e9s jelenlegi tanul\u00f3i, valamint a szegedi Fricsay Ferenc F\u00fav\u00f3szenekar &hellip; <a href=\"http:\/\/konyvhetszeged2014.sk-szeged.hu\/?p=82\">Tov\u00e1bb <span class=\"meta-nav\">&rarr;<\/span><\/a><\/p>\n","protected":false},"author":2,"featured_media":0,"comment_status":"closed","ping_status":"open","sticky":false,"template":"","format":"standard","meta":{"footnotes":""},"categories":[310,306,309],"tags":[320],"class_list":["post-82","post","type-post","status-publish","format-standard","hentry","category-dugonics-ter","category-junius-12-csutortok","category-zenes-program","tag-deak-big-band"],"_links":{"self":[{"href":"http:\/\/konyvhetszeged2014.sk-szeged.hu\/index.php?rest_route=\/wp\/v2\/posts\/82","targetHints":{"allow":["GET"]}}],"collection":[{"href":"http:\/\/konyvhetszeged2014.sk-szeged.hu\/index.php?rest_route=\/wp\/v2\/posts"}],"about":[{"href":"http:\/\/konyvhetszeged2014.sk-szeged.hu\/index.php?rest_route=\/wp\/v2\/types\/post"}],"author":[{"embeddable":true,"href":"http:\/\/konyvhetszeged2014.sk-szeged.hu\/index.php?rest_route=\/wp\/v2\/users\/2"}],"replies":[{"embeddable":true,"href":"http:\/\/konyvhetszeged2014.sk-szeged.hu\/index.php?rest_route=%2Fwp%2Fv2%2Fcomments&post=82"}],"version-history":[{"count":2,"href":"http:\/\/konyvhetszeged2014.sk-szeged.hu\/index.php?rest_route=\/wp\/v2\/posts\/82\/revisions"}],"predecessor-version":[{"id":148,"href":"http:\/\/konyvhetszeged2014.sk-szeged.hu\/index.php?rest_route=\/wp\/v2\/posts\/82\/revisions\/148"}],"wp:attachment":[{"href":"http:\/\/konyvhetszeged2014.sk-szeged.hu\/index.php?rest_route=%2Fwp%2Fv2%2Fmedia&parent=82"}],"wp:term":[{"taxonomy":"category","embeddable":true,"href":"http:\/\/konyvhetszeged2014.sk-szeged.hu\/index.php?rest_route=%2Fwp%2Fv2%2Fcategories&post=82"},{"taxonomy":"post_tag","embeddable":true,"href":"http:\/\/konyvhetszeged2014.sk-szeged.hu\/index.php?rest_route=%2Fwp%2Fv2%2Ftags&post=82"}],"curies":[{"name":"wp","href":"https:\/\/api.w.org\/{rel}","templated":true}]}}