{"id":881,"date":"2014-05-30T18:00:39","date_gmt":"2014-05-30T16:00:39","guid":{"rendered":"http:\/\/konyvhetszeged2014.sk-szeged.hu\/?p=881"},"modified":"2014-06-15T21:12:17","modified_gmt":"2014-06-15T19:12:17","slug":"gorog-ibolya-dedikal","status":"publish","type":"post","link":"http:\/\/konyvhetszeged2014.sk-szeged.hu\/?p=881","title":{"rendered":"G\u00f6r\u00f6g Ibolya dedik\u00e1l"},"content":{"rendered":"<p><a href=\"http:\/\/konyvhetszeged2014.sk-szeged.hu\/wp-content\/uploads\/2014\/06\/gorog_ibolya.jpg\"><img loading=\"lazy\" decoding=\"async\" class=\"alignleft  wp-image-882\" src=\"http:\/\/konyvhetszeged2014.sk-szeged.hu\/wp-content\/uploads\/2014\/06\/gorog_ibolya-300x293.jpg\" alt=\"gorog_ibolya\" width=\"220\" height=\"214\" srcset=\"http:\/\/konyvhetszeged2014.sk-szeged.hu\/wp-content\/uploads\/2014\/06\/gorog_ibolya-300x293.jpg 300w, http:\/\/konyvhetszeged2014.sk-szeged.hu\/wp-content\/uploads\/2014\/06\/gorog_ibolya.jpg 307w\" sizes=\"auto, (max-width: 220px) 100vw, 220px\" \/><\/a><\/p>\n<ul>\n<li>2014. j\u00fanius 15. (vas\u00e1rnap) 17.30<\/li>\n<li>Dugonics t\u00e9r<\/li>\n<\/ul>\n<p>A L\u00edra K\u00f6nyv Zrt. F\u00f3kusz K\u00f6nyv\u00e1ruh\u00e1z s\u00e1tr\u00e1n\u00e1l G\u00f6r\u00f6g Ibolya dedik\u00e1l.<\/p>\n<p>Kapcsol\u00f3d\u00f3 esem\u00e9ny:<br \/>\n<a href=\"http:\/\/konyvhetszeged2014.sk-szeged.hu\/?p=855\">Az \u00dcnnepi K\u00f6nyvh\u00e9t vend\u00e9ge\u00a0G\u00f6r\u00f6g Ibolya<\/a><\/p>\n","protected":false},"excerpt":{"rendered":"<p>2014. j\u00fanius 15. (vas\u00e1rnap) 17.30 Dugonics t\u00e9r A L\u00edra K\u00f6nyv Zrt. F\u00f3kusz K\u00f6nyv\u00e1ruh\u00e1z s\u00e1tr\u00e1n\u00e1l G\u00f6r\u00f6g Ibolya dedik\u00e1l. Kapcsol\u00f3d\u00f3 esem\u00e9ny: Az \u00dcnnepi K\u00f6nyvh\u00e9t vend\u00e9ge\u00a0G\u00f6r\u00f6g Ibolya<\/p>\n","protected":false},"author":2,"featured_media":0,"comment_status":"closed","ping_status":"open","sticky":false,"template":"","format":"standard","meta":{"footnotes":""},"categories":[469,321,310,470,338],"tags":[],"class_list":["post-881","post","type-post","status-publish","format-standard","hentry","category-athenaeum","category-dedikalas","category-dugonics-ter","category-gorog-ibolya","category-junius-15-vasarnap"],"_links":{"self":[{"href":"http:\/\/konyvhetszeged2014.sk-szeged.hu\/index.php?rest_route=\/wp\/v2\/posts\/881","targetHints":{"allow":["GET"]}}],"collection":[{"href":"http:\/\/konyvhetszeged2014.sk-szeged.hu\/index.php?rest_route=\/wp\/v2\/posts"}],"about":[{"href":"http:\/\/konyvhetszeged2014.sk-szeged.hu\/index.php?rest_route=\/wp\/v2\/types\/post"}],"author":[{"embeddable":true,"href":"http:\/\/konyvhetszeged2014.sk-szeged.hu\/index.php?rest_route=\/wp\/v2\/users\/2"}],"replies":[{"embeddable":true,"href":"http:\/\/konyvhetszeged2014.sk-szeged.hu\/index.php?rest_route=%2Fwp%2Fv2%2Fcomments&post=881"}],"version-history":[{"count":2,"href":"http:\/\/konyvhetszeged2014.sk-szeged.hu\/index.php?rest_route=\/wp\/v2\/posts\/881\/revisions"}],"predecessor-version":[{"id":1103,"href":"http:\/\/konyvhetszeged2014.sk-szeged.hu\/index.php?rest_route=\/wp\/v2\/posts\/881\/revisions\/1103"}],"wp:attachment":[{"href":"http:\/\/konyvhetszeged2014.sk-szeged.hu\/index.php?rest_route=%2Fwp%2Fv2%2Fmedia&parent=881"}],"wp:term":[{"taxonomy":"category","embeddable":true,"href":"http:\/\/konyvhetszeged2014.sk-szeged.hu\/index.php?rest_route=%2Fwp%2Fv2%2Fcategories&post=881"},{"taxonomy":"post_tag","embeddable":true,"href":"http:\/\/konyvhetszeged2014.sk-szeged.hu\/index.php?rest_route=%2Fwp%2Fv2%2Ftags&post=881"}],"curies":[{"name":"wp","href":"https:\/\/api.w.org\/{rel}","templated":true}]}}