{"id":942,"date":"2014-05-30T15:00:13","date_gmt":"2014-05-30T13:00:13","guid":{"rendered":"http:\/\/konyvhetszeged2014.sk-szeged.hu\/?p=942"},"modified":"2014-06-16T23:27:27","modified_gmt":"2014-06-16T21:27:27","slug":"stojsic-jovan-jazz-standardokat-zongorazik","status":"publish","type":"post","link":"http:\/\/konyvhetszeged2014.sk-szeged.hu\/?p=942","title":{"rendered":"Stoj\u0161i\u0107 Jovan jazz standardokat zongor\u00e1zik"},"content":{"rendered":"<p><a href=\"http:\/\/konyvhetszeged2014.sk-szeged.hu\/wp-content\/uploads\/2014\/06\/stojsic_jovan.jpg\"><img loading=\"lazy\" decoding=\"async\" class=\"alignleft  wp-image-943\" src=\"http:\/\/konyvhetszeged2014.sk-szeged.hu\/wp-content\/uploads\/2014\/06\/stojsic_jovan-300x200.jpg\" alt=\"stojsic_jovan\" width=\"332\" height=\"221\" srcset=\"http:\/\/konyvhetszeged2014.sk-szeged.hu\/wp-content\/uploads\/2014\/06\/stojsic_jovan-300x200.jpg 300w, http:\/\/konyvhetszeged2014.sk-szeged.hu\/wp-content\/uploads\/2014\/06\/stojsic_jovan.jpg 400w\" sizes=\"auto, (max-width: 332px) 100vw, 332px\" \/><\/a><\/p>\n<ul>\n<li>2014. j\u00fanius 16. (h\u00e9tf\u0151) 16.30<\/li>\n<li>Dugonics t\u00e9r<\/li>\n<\/ul>\n<p>A program szervez\u0151je a Millenniumi K\u00e1v\u00e9h\u00e1z, az \u00dcnnepi K\u00f6nyvh\u00e9t h\u00e1zigazd\u00e1ja.<\/p>\n<blockquote><p>A jazz a kedvencem. Ebben a m\u0171fajban nem lehet annyira neves\u00edteni, mert nem sokszor k\u00f6thet\u0151 egy kompoz\u00edci\u00f3 egy alkot\u00f3hoz. A jazz zen\u00e9sz ak\u00e1rmib\u0151l mer\u00edthet: lehet komolyzene, country, pop, rock vagy sl\u00e1ger. Gershwinnek a Summertime-j\u00e1t pl. Janis Joplin is feldolgozta, pedig eredetileg opera, Porgy and Bess. A b\u00e1rzongor\u00e1s reperto\u00e1romban kb. 350 kompoz\u00edci\u00f3 szerepel, de itt megk\u00f6zel\u00edt\u0151leg a 150 legismertebbet j\u00e1tszom. A list\u00e1t folyamatosan b\u0151v\u00edtem, ha hallok valamit, ami tetszik. (<a href=\"https:\/\/m.facebook.com\/notes\/millenniumi-k%C3%A1v%C3%A9h%C3%A1z-%C3%A9s-klub-szeged\/a-zongor%C3%A1n%C3%A1l-stoj%C5%A1i%C4%87-jovan\/685299324855091\/\" target=\"_blank\">A zongor\u00e1n\u00e1l: Stoj\u0161i\u0107 Jovan<\/a>)<\/p><\/blockquote>\n","protected":false},"excerpt":{"rendered":"<p>2014. j\u00fanius 16. (h\u00e9tf\u0151) 16.30 Dugonics t\u00e9r A program szervez\u0151je a Millenniumi K\u00e1v\u00e9h\u00e1z, az \u00dcnnepi K\u00f6nyvh\u00e9t h\u00e1zigazd\u00e1ja. A jazz a kedvencem. Ebben a m\u0171fajban nem lehet annyira neves\u00edteni, mert nem sokszor k\u00f6thet\u0151 egy kompoz\u00edci\u00f3 egy alkot\u00f3hoz. A jazz zen\u00e9sz ak\u00e1rmib\u0151l &hellip; <a href=\"http:\/\/konyvhetszeged2014.sk-szeged.hu\/?p=942\">Tov\u00e1bb <span class=\"meta-nav\">&rarr;<\/span><\/a><\/p>\n","protected":false},"author":2,"featured_media":0,"comment_status":"closed","ping_status":"open","sticky":false,"template":"","format":"standard","meta":{"footnotes":""},"categories":[310,339,309],"tags":[486],"class_list":["post-942","post","type-post","status-publish","format-standard","hentry","category-dugonics-ter","category-junius-16-hetfo","category-zenes-program","tag-stojsic-jovan"],"_links":{"self":[{"href":"http:\/\/konyvhetszeged2014.sk-szeged.hu\/index.php?rest_route=\/wp\/v2\/posts\/942","targetHints":{"allow":["GET"]}}],"collection":[{"href":"http:\/\/konyvhetszeged2014.sk-szeged.hu\/index.php?rest_route=\/wp\/v2\/posts"}],"about":[{"href":"http:\/\/konyvhetszeged2014.sk-szeged.hu\/index.php?rest_route=\/wp\/v2\/types\/post"}],"author":[{"embeddable":true,"href":"http:\/\/konyvhetszeged2014.sk-szeged.hu\/index.php?rest_route=\/wp\/v2\/users\/2"}],"replies":[{"embeddable":true,"href":"http:\/\/konyvhetszeged2014.sk-szeged.hu\/index.php?rest_route=%2Fwp%2Fv2%2Fcomments&post=942"}],"version-history":[{"count":5,"href":"http:\/\/konyvhetszeged2014.sk-szeged.hu\/index.php?rest_route=\/wp\/v2\/posts\/942\/revisions"}],"predecessor-version":[{"id":1469,"href":"http:\/\/konyvhetszeged2014.sk-szeged.hu\/index.php?rest_route=\/wp\/v2\/posts\/942\/revisions\/1469"}],"wp:attachment":[{"href":"http:\/\/konyvhetszeged2014.sk-szeged.hu\/index.php?rest_route=%2Fwp%2Fv2%2Fmedia&parent=942"}],"wp:term":[{"taxonomy":"category","embeddable":true,"href":"http:\/\/konyvhetszeged2014.sk-szeged.hu\/index.php?rest_route=%2Fwp%2Fv2%2Fcategories&post=942"},{"taxonomy":"post_tag","embeddable":true,"href":"http:\/\/konyvhetszeged2014.sk-szeged.hu\/index.php?rest_route=%2Fwp%2Fv2%2Ftags&post=942"}],"curies":[{"name":"wp","href":"https:\/\/api.w.org\/{rel}","templated":true}]}}