{"id":97,"date":"2014-05-31T15:40:21","date_gmt":"2014-05-31T13:40:21","guid":{"rendered":"http:\/\/konyvhetszeged2014.sk-szeged.hu\/?p=97"},"modified":"2014-06-12T21:56:40","modified_gmt":"2014-06-12T19:56:40","slug":"tisztelet-az-i-vilaghaboru-resztvevoinek-es-hoseinek","status":"publish","type":"post","link":"http:\/\/konyvhetszeged2014.sk-szeged.hu\/?p=97","title":{"rendered":"Tisztelet az I. vil\u00e1gh\u00e1bor\u00fa r\u00e9sztvev\u0151inek  \u00e9s h\u0151seinek\u2026"},"content":{"rendered":"<p><a href=\"http:\/\/konyvhetszeged2014.sk-szeged.hu\/wp-content\/uploads\/2014\/05\/vilaghaboru.jpg\"><img loading=\"lazy\" decoding=\"async\" class=\"alignleft size-medium wp-image-100\" src=\"http:\/\/konyvhetszeged2014.sk-szeged.hu\/wp-content\/uploads\/2014\/05\/vilaghaboru-298x300.jpg\" alt=\"vilaghaboru\" width=\"200\" height=\"200\" srcset=\"http:\/\/konyvhetszeged2014.sk-szeged.hu\/wp-content\/uploads\/2014\/05\/vilaghaboru-298x300.jpg 298w, http:\/\/konyvhetszeged2014.sk-szeged.hu\/wp-content\/uploads\/2014\/05\/vilaghaboru-150x150.jpg 150w, http:\/\/konyvhetszeged2014.sk-szeged.hu\/wp-content\/uploads\/2014\/05\/vilaghaboru.jpg 400w\" sizes=\"auto, (max-width: 200px) 100vw, 200px\" \/><\/a><\/p>\n<ul>\n<li>2014. j\u00fanius 12. (cs\u00fct\u00f6rt\u00f6k) 17.00<\/li>\n<li>Dugonics t\u00e9r<\/li>\n<\/ul>\n<p>Az \u00dcnnepi K\u00f6nyvh\u00e9t vend\u00e9ge a Zr\u00ednyi K\u00f6nyvkiad\u00f3.\u00a0 Kerekasztal-besz\u00e9lget\u00e9s az\u00a0 I. vil\u00e1gh\u00e1bor\u00fa kit\u00f6r\u00e9s\u00e9nek <strong>100. \u00e9vfordul\u00f3<\/strong>ja alkalm\u00e1b\u00f3l<\/p>\n<p>R\u00e9sztvev\u0151k:<br \/>\n<strong>Dr. Bozsonyi K\u00e1roly<\/strong>, a HM Zr\u00ednyi Nonprofit Kft., \u00fcgyvezet\u0151je<br \/>\n<strong>Dr. Isaszegi J\u00e1nos<\/strong> ny. vez\u00e9r\u0151rnagy<br \/>\n<strong>Szt\u00e1ryn\u00e9 Benk\u0151 Krisztina<\/strong><\/p>\n<p>Kapcsol\u00f3d\u00f3 esem\u00e9ny:<br \/>\n<a href=\"http:\/\/konyvhetszeged2014.sk-szeged.hu\/?p=530\">Besz\u00e9lget\u00e9s az I. vil\u00e1gh\u00e1bor\u00fa eml\u00e9keinek gy\u0171jt\u00e9se kapcs\u00e1n<\/a><\/p>\n<p>Aj\u00e1nl\u00f3:<br \/>\n<a href=\"http:\/\/shop.hmzrinyi.hu\/webshop\/index.php\" target=\"_blank\">HM Zr\u00ednyi T\u00e9rk\u00e9p\u00e9szeti \u00e9s Kommunik\u00e1ci\u00f3s Szolg\u00e1ltat\u00f3 K\u00f6zhaszn\u00fa Nonprofit Kft.<\/a><br \/>\n<a href=\"http:\/\/nagyhaboru.blog.hu\/\" target=\"_blank\">A Nagy H\u00e1bor\u00fa \u00edr\u00e1sban \u00e9s k\u00e9pben<\/a><\/p>\n","protected":false},"excerpt":{"rendered":"<p>2014. j\u00fanius 12. (cs\u00fct\u00f6rt\u00f6k) 17.00 Dugonics t\u00e9r Az \u00dcnnepi K\u00f6nyvh\u00e9t vend\u00e9ge a Zr\u00ednyi K\u00f6nyvkiad\u00f3.\u00a0 Kerekasztal-besz\u00e9lget\u00e9s az\u00a0 I. vil\u00e1gh\u00e1bor\u00fa kit\u00f6r\u00e9s\u00e9nek 100. \u00e9vfordul\u00f3ja alkalm\u00e1b\u00f3l R\u00e9sztvev\u0151k: Dr. Bozsonyi K\u00e1roly, a HM Zr\u00ednyi Nonprofit Kft., \u00fcgyvezet\u0151je Dr. Isaszegi J\u00e1nos ny. vez\u00e9r\u0151rnagy Szt\u00e1ryn\u00e9 Benk\u0151 Krisztina &hellip; <a href=\"http:\/\/konyvhetszeged2014.sk-szeged.hu\/?p=97\">Tov\u00e1bb <span class=\"meta-nav\">&rarr;<\/span><\/a><\/p>\n","protected":false},"author":2,"featured_media":0,"comment_status":"closed","ping_status":"open","sticky":false,"template":"","format":"standard","meta":{"footnotes":""},"categories":[285,310,327,306,326],"tags":[328,377,329],"class_list":["post-97","post","type-post","status-publish","format-standard","hentry","category-beszelgetes","category-dugonics-ter","category-isaszegi-janos","category-junius-12-csutortok","category-zrinyi","tag-bozsonyi-karoly","tag-i-vilaghaboru","tag-sztaryne-benko-krisztina"],"_links":{"self":[{"href":"http:\/\/konyvhetszeged2014.sk-szeged.hu\/index.php?rest_route=\/wp\/v2\/posts\/97","targetHints":{"allow":["GET"]}}],"collection":[{"href":"http:\/\/konyvhetszeged2014.sk-szeged.hu\/index.php?rest_route=\/wp\/v2\/posts"}],"about":[{"href":"http:\/\/konyvhetszeged2014.sk-szeged.hu\/index.php?rest_route=\/wp\/v2\/types\/post"}],"author":[{"embeddable":true,"href":"http:\/\/konyvhetszeged2014.sk-szeged.hu\/index.php?rest_route=\/wp\/v2\/users\/2"}],"replies":[{"embeddable":true,"href":"http:\/\/konyvhetszeged2014.sk-szeged.hu\/index.php?rest_route=%2Fwp%2Fv2%2Fcomments&post=97"}],"version-history":[{"count":7,"href":"http:\/\/konyvhetszeged2014.sk-szeged.hu\/index.php?rest_route=\/wp\/v2\/posts\/97\/revisions"}],"predecessor-version":[{"id":673,"href":"http:\/\/konyvhetszeged2014.sk-szeged.hu\/index.php?rest_route=\/wp\/v2\/posts\/97\/revisions\/673"}],"wp:attachment":[{"href":"http:\/\/konyvhetszeged2014.sk-szeged.hu\/index.php?rest_route=%2Fwp%2Fv2%2Fmedia&parent=97"}],"wp:term":[{"taxonomy":"category","embeddable":true,"href":"http:\/\/konyvhetszeged2014.sk-szeged.hu\/index.php?rest_route=%2Fwp%2Fv2%2Fcategories&post=97"},{"taxonomy":"post_tag","embeddable":true,"href":"http:\/\/konyvhetszeged2014.sk-szeged.hu\/index.php?rest_route=%2Fwp%2Fv2%2Ftags&post=97"}],"curies":[{"name":"wp","href":"https:\/\/api.w.org\/{rel}","templated":true}]}}