{"id":987,"date":"2014-05-30T15:50:24","date_gmt":"2014-05-30T13:50:24","guid":{"rendered":"http:\/\/konyvhetszeged2014.sk-szeged.hu\/?p=987"},"modified":"2014-06-16T23:30:57","modified_gmt":"2014-06-16T21:30:57","slug":"savanya-istvan-verses-zenes-estje","status":"publish","type":"post","link":"http:\/\/konyvhetszeged2014.sk-szeged.hu\/?p=987","title":{"rendered":"Savanya Istv\u00e1n verses, zen\u00e9s estje"},"content":{"rendered":"<p><a href=\"http:\/\/konyvhetszeged2014.sk-szeged.hu\/wp-content\/uploads\/2014\/06\/savanya_istvan.jpg\"><img loading=\"lazy\" decoding=\"async\" class=\"alignleft  wp-image-988\" title=\"stevesavanya.net\" src=\"http:\/\/konyvhetszeged2014.sk-szeged.hu\/wp-content\/uploads\/2014\/06\/savanya_istvan-199x300.jpg\" alt=\"savanya_istvan\" width=\"150\" height=\"226\" srcset=\"http:\/\/konyvhetszeged2014.sk-szeged.hu\/wp-content\/uploads\/2014\/06\/savanya_istvan-199x300.jpg 199w, http:\/\/konyvhetszeged2014.sk-szeged.hu\/wp-content\/uploads\/2014\/06\/savanya_istvan.jpg 300w\" sizes=\"auto, (max-width: 150px) 100vw, 150px\" \/><\/a><\/p>\n<ul>\n<li>2014. j\u00fanius 16. (h\u00e9tf\u0151) 18.30<\/li>\n<li>Dugonics t\u00e9r<\/li>\n<\/ul>\n<p>Savanya Istv\u00e1n Calgaryban \u00e9l\u0151, szegedi sz\u00e1rmaz\u00e1s\u00fa k\u00f6lt\u0151 verses, zen\u00e9s estje<\/p>\n<p>Aj\u00e1nl\u00f3:<br \/>\n<a href=\"http:\/\/stevesavanya.net\" target=\"_blank\">Savanya Istv\u00e1n honlapja<\/a><\/p>\n","protected":false},"excerpt":{"rendered":"<p>2014. j\u00fanius 16. (h\u00e9tf\u0151) 18.30 Dugonics t\u00e9r Savanya Istv\u00e1n Calgaryban \u00e9l\u0151, szegedi sz\u00e1rmaz\u00e1s\u00fa k\u00f6lt\u0151 verses, zen\u00e9s estje Aj\u00e1nl\u00f3: Savanya Istv\u00e1n honlapja<\/p>\n","protected":false},"author":2,"featured_media":0,"comment_status":"closed","ping_status":"open","sticky":false,"template":"","format":"standard","meta":{"footnotes":""},"categories":[310,339,503,309],"tags":[],"class_list":["post-987","post","type-post","status-publish","format-standard","hentry","category-dugonics-ter","category-junius-16-hetfo","category-savanya-istvan","category-zenes-program"],"_links":{"self":[{"href":"http:\/\/konyvhetszeged2014.sk-szeged.hu\/index.php?rest_route=\/wp\/v2\/posts\/987","targetHints":{"allow":["GET"]}}],"collection":[{"href":"http:\/\/konyvhetszeged2014.sk-szeged.hu\/index.php?rest_route=\/wp\/v2\/posts"}],"about":[{"href":"http:\/\/konyvhetszeged2014.sk-szeged.hu\/index.php?rest_route=\/wp\/v2\/types\/post"}],"author":[{"embeddable":true,"href":"http:\/\/konyvhetszeged2014.sk-szeged.hu\/index.php?rest_route=\/wp\/v2\/users\/2"}],"replies":[{"embeddable":true,"href":"http:\/\/konyvhetszeged2014.sk-szeged.hu\/index.php?rest_route=%2Fwp%2Fv2%2Fcomments&post=987"}],"version-history":[{"count":1,"href":"http:\/\/konyvhetszeged2014.sk-szeged.hu\/index.php?rest_route=\/wp\/v2\/posts\/987\/revisions"}],"predecessor-version":[{"id":989,"href":"http:\/\/konyvhetszeged2014.sk-szeged.hu\/index.php?rest_route=\/wp\/v2\/posts\/987\/revisions\/989"}],"wp:attachment":[{"href":"http:\/\/konyvhetszeged2014.sk-szeged.hu\/index.php?rest_route=%2Fwp%2Fv2%2Fmedia&parent=987"}],"wp:term":[{"taxonomy":"category","embeddable":true,"href":"http:\/\/konyvhetszeged2014.sk-szeged.hu\/index.php?rest_route=%2Fwp%2Fv2%2Fcategories&post=987"},{"taxonomy":"post_tag","embeddable":true,"href":"http:\/\/konyvhetszeged2014.sk-szeged.hu\/index.php?rest_route=%2Fwp%2Fv2%2Ftags&post=987"}],"curies":[{"name":"wp","href":"https:\/\/api.w.org\/{rel}","templated":true}]}}